{"id":143734,"date":"2020-12-09T07:07:40","date_gmt":"2020-12-09T13:07:40","guid":{"rendered":"https:\/\/plazajuarez.mx\/?p=143734"},"modified":"2020-12-09T07:07:56","modified_gmt":"2020-12-09T13:07:56","slug":"dese-por-enterado-813","status":"publish","type":"post","link":"https:\/\/plazajuarez.mx\/historico\/dese-por-enterado-813\/","title":{"rendered":"DESE POR ENTERADO"},"content":{"rendered":"\n<p><strong>PABLO VARGAS ANTE AMLO.-<\/strong> Hoy el ex candidato de Morena a la alcald\u00eda de Pachuca, Pablo Vargas Gonz\u00e1lez, estar\u00e1 en la Ciudad de M\u00e9xico para exponer ante el Presidente, Andr\u00e9s Manuel L\u00f3pez Obrador (precisa en la invitaci\u00f3n hecha llegar a los medios informativos de la entidad), lo que llama \u201cel fraude electoral que se vive en Hidalgo\u201d. Luego de lo que algunos llaman \u201cel resbal\u00f3n\u201d al acompa\u00f1ar a Vicente Charrez en un mitin realizado en Ixmiquilpan, con todo lo que representa la relaci\u00f3n estrecha del mismo con el Grupo Universidad, Vargas Gonz\u00e1lez ha decidido que el camino debe ser la protesta constante y machacona, pero ahora s\u00ed cuid\u00e1ndose de no engordarle el caldo a verdaderos pillos de \u201cla polaka\u201d como el tal Vicente Charrez.<\/p>\n\n\n\n<hr class=\"wp-block-separator\"\/>\n\n\n\n<p><strong>LA QUE SABE, SABE.-<\/strong> Mar\u00eda Luisa P\u00e9rez Perusqu\u00eda, hasta hace poco Presidenta de la Junta de Gobierno del Congreso de Hidalgo, demuestra ahora como legisladora simplemente, que prepararse y hacer las cosas con seriedad rinde frutos. Profesora de Educaci\u00f3n Primaria, Licenciada en Ciencias Sociales, Especialidad en Pol\u00edtica P\u00fablica y Gesti\u00f3n Educativa en la Facultad Latinoamericana de Ciencias Sociales (FLACSO), donde tambi\u00e9n curs\u00f3 la maestr\u00eda, P\u00e9rez Perusqu\u00eda es una de las mujeres m\u00e1s valiosas en su partido, el PRI, y que goza de un respeto real por parte de sus pares del PAN, PRD y dem\u00e1s partidos pol\u00edticos. Demuestra que pensar y reflexionar es el primer paso para dignificar la tarea pol\u00edtica.<\/p>\n\n\n\n<hr class=\"wp-block-separator\"\/>\n\n\n\n<p><strong>QUE YA LE GUST\u00d3 EL ALTIPLANO, Y SE QUEDA.-<\/strong> Seg\u00fan public\u00f3 un diario de la Ciudad de M\u00e9xico, un juez federal suspendi\u00f3 cualquier intento de querer trasladar al l\u00edder del Grupo Universidad G.S.C., del penal de El Altiplano a cualquier otro. Cuando muchos de sus fieles seguidores celebraban que saldr\u00eda en libertad, al parecer lo m\u00e1s que gan\u00f3 fue quedarse donde est\u00e1 para seguir el proceso en su contra por supuesto uso de recursos de procedencia il\u00edcita y delincuencia organizada. Al parecer por un buen tiempo el GU se quedar\u00e1 en estado comatoso.<\/p>\n\n\n\n<hr class=\"wp-block-separator\"\/>\n\n\n\n<p><strong>CONFERENCIA DE PRENSA DE ISRAEL F\u00c9LIX.- <\/strong>Se prev\u00e9n anuncios importantes por parte del alcalde electo de Mineral de la Reforma, Israel F\u00e9lix, quien hoy a las 11:45 en un conocido sal\u00f3n de ese municipio se reunir\u00e1 con representantes de los medios de informaci\u00f3n. Es muy probable que anuncie a su equipo de trabajo, pero centralmente los proyectos que permitir\u00e1n un cambio sustancial en ese ayuntamiento en un tiempo r\u00e9cord de cinco meses. Por lo mientras es el \u00fanico de los pri\u00edstas que no enfrenta complicaciones postelectorales.<\/p>\n\n\n\n<hr class=\"wp-block-separator\"\/>\n\n\n\n<p><strong><em>Aviso para que no digan: Esa columna se nutre de comentarios recabados en agencias del Recontra-Espionaje, muy similares a las que populariz\u00f3 el \u201cS\u00faper Agente 86\u201d en sus tiempos. Como tal, usted est\u00e1 en libertad de creer o no lo que lee, recontra-enojarse, recontra-carcajearse y hasta recontra-recordarnos a nuestra jefecita (nosotros recontra-hacemos lo propio). Avisado est\u00e1 usted.<\/em><\/strong><\/p>\n\n\n\n<p>Dudas y comentarios:<\/p>\n\n\n\n<p><a href=\"mailto:desexenterado@gmail.com\">desexenterado@gmail.com<\/a><\/p>\n\n\n\n<p>@desexenterado<\/p>\n","protected":false},"excerpt":{"rendered":"<p>PABLO VARGAS ANTE AMLO.- Hoy el ex candidato de Morena a la alcald\u00eda de Pachuca, Pablo Vargas Gonz\u00e1lez, estar\u00e1 en la Ciudad de M\u00e9xico para exponer ante el Presidente, Andr\u00e9s Manuel L\u00f3pez Obrador (precisa en la invitaci\u00f3n hecha llegar a los medios informativos de la entidad), lo que llama \u201cel fraude electoral que se vive [&hellip;]<\/p>\n","protected":false},"author":93,"featured_media":0,"comment_status":"closed","ping_status":"open","sticky":false,"template":"","format":"standard","meta":{"footnotes":""},"categories":[83],"tags":[],"class_list":["post-143734","post","type-post","status-publish","format-standard","hentry","category-dese-por-enterado"],"_links":{"self":[{"href":"https:\/\/plazajuarez.mx\/historico\/wp-json\/wp\/v2\/posts\/143734","targetHints":{"allow":["GET"]}}],"collection":[{"href":"https:\/\/plazajuarez.mx\/historico\/wp-json\/wp\/v2\/posts"}],"about":[{"href":"https:\/\/plazajuarez.mx\/historico\/wp-json\/wp\/v2\/types\/post"}],"author":[{"embeddable":true,"href":"https:\/\/plazajuarez.mx\/historico\/wp-json\/wp\/v2\/users\/93"}],"replies":[{"embeddable":true,"href":"https:\/\/plazajuarez.mx\/historico\/wp-json\/wp\/v2\/comments?post=143734"}],"version-history":[{"count":0,"href":"https:\/\/plazajuarez.mx\/historico\/wp-json\/wp\/v2\/posts\/143734\/revisions"}],"wp:attachment":[{"href":"https:\/\/plazajuarez.mx\/historico\/wp-json\/wp\/v2\/media?parent=143734"}],"wp:term":[{"taxonomy":"category","embeddable":true,"href":"https:\/\/plazajuarez.mx\/historico\/wp-json\/wp\/v2\/categories?post=143734"},{"taxonomy":"post_tag","embeddable":true,"href":"https:\/\/plazajuarez.mx\/historico\/wp-json\/wp\/v2\/tags?post=143734"}],"curies":[{"name":"wp","href":"https:\/\/api.w.org\/{rel}","templated":true}]}}