{"id":143727,"date":"2020-12-08T20:40:36","date_gmt":"2020-12-09T02:40:36","guid":{"rendered":"https:\/\/plazajuarez.mx\/?p=143727"},"modified":"2020-12-08T20:43:28","modified_gmt":"2020-12-09T02:43:28","slug":"mexico-suma-110874-muertes-por-covid-y-un-millon-193-mil-contagios","status":"publish","type":"post","link":"https:\/\/plazajuarez.mx\/historico\/mexico-suma-110874-muertes-por-covid-y-un-millon-193-mil-contagios\/","title":{"rendered":"M\u00e9xico suma 110,874 muertes por Covid y un mill\u00f3n 193 mil contagios"},"content":{"rendered":"\n<p>M\u00e9xico acumul\u00f3, al corte de este 8 de diciembre,\u00a0110,874\u00a0muertes por Covid-19, con un mill\u00f3n 193 mil contagios\u00a0confirmados de coronavirus, seg\u00fan informaron autoridades de la\u00a0Secretar\u00eda de Salud.<\/p>\n\n\n\n<p>\u00bfCu\u00e1les ser\u00e1n los primeros estados en aplicar la vacuna?<br>La primera fase del Plan Nacional de Vacunaci\u00f3n contra el coronavirus, el cual contempla 5 etapas, iniciar\u00e1 de diciembre de 2020 a febrero de 2021 y contempla vacunar al personal de salud de primera l\u00ednea de control del Covid-19.<\/p>\n\n\n\n<p>Durante dicha etapa, el subsecretario de Prevenci\u00f3n y Promoci\u00f3n de la Salud, Hugo L\u00f3pez-Gatell, detall\u00f3 que los primeros lugares donde se aplicar\u00e1 la vacuna ser\u00e1n la Ciudad de M\u00e9xico y Coahuila.<\/p>\n\n\n\n<p>En dichos estados,\u00a0el Ej\u00e9rcito y la Marina habilitar\u00e1n sus hospitales, batallones e instalaciones como centros de aplicaci\u00f3n de la vacuna.<\/p>\n","protected":false},"excerpt":{"rendered":"<p>M\u00e9xico acumul\u00f3, al corte de este 8 de diciembre,\u00a0110,874\u00a0muertes por Covid-19, con un mill\u00f3n 193 mil contagios\u00a0confirmados de coronavirus, seg\u00fan informaron autoridades de la\u00a0Secretar\u00eda de Salud. \u00bfCu\u00e1les ser\u00e1n los primeros estados en aplicar la vacuna?La primera fase del Plan Nacional de Vacunaci\u00f3n contra el coronavirus, el cual contempla 5 etapas, iniciar\u00e1 de diciembre de 2020 [&hellip;]<\/p>\n","protected":false},"author":81,"featured_media":141904,"comment_status":"closed","ping_status":"open","sticky":false,"template":"","format":"standard","meta":{"footnotes":""},"categories":[15,36],"tags":[],"class_list":["post-143727","post","type-post","status-publish","format-standard","has-post-thumbnail","hentry","category-destacadas","category-nacion"],"_links":{"self":[{"href":"https:\/\/plazajuarez.mx\/historico\/wp-json\/wp\/v2\/posts\/143727","targetHints":{"allow":["GET"]}}],"collection":[{"href":"https:\/\/plazajuarez.mx\/historico\/wp-json\/wp\/v2\/posts"}],"about":[{"href":"https:\/\/plazajuarez.mx\/historico\/wp-json\/wp\/v2\/types\/post"}],"author":[{"embeddable":true,"href":"https:\/\/plazajuarez.mx\/historico\/wp-json\/wp\/v2\/users\/81"}],"replies":[{"embeddable":true,"href":"https:\/\/plazajuarez.mx\/historico\/wp-json\/wp\/v2\/comments?post=143727"}],"version-history":[{"count":0,"href":"https:\/\/plazajuarez.mx\/historico\/wp-json\/wp\/v2\/posts\/143727\/revisions"}],"wp:featuredmedia":[{"embeddable":true,"href":"https:\/\/plazajuarez.mx\/historico\/wp-json\/wp\/v2\/media\/141904"}],"wp:attachment":[{"href":"https:\/\/plazajuarez.mx\/historico\/wp-json\/wp\/v2\/media?parent=143727"}],"wp:term":[{"taxonomy":"category","embeddable":true,"href":"https:\/\/plazajuarez.mx\/historico\/wp-json\/wp\/v2\/categories?post=143727"},{"taxonomy":"post_tag","embeddable":true,"href":"https:\/\/plazajuarez.mx\/historico\/wp-json\/wp\/v2\/tags?post=143727"}],"curies":[{"name":"wp","href":"https:\/\/api.w.org\/{rel}","templated":true}]}}