{"id":143644,"date":"2020-12-08T07:33:03","date_gmt":"2020-12-08T13:33:03","guid":{"rendered":"https:\/\/plazajuarez.mx\/?p=143644"},"modified":"2020-12-08T07:33:19","modified_gmt":"2020-12-08T13:33:19","slug":"presidente-del-concejo-municipal-enciende-el-arbol-navideno","status":"publish","type":"post","link":"https:\/\/plazajuarez.mx\/historico\/presidente-del-concejo-municipal-enciende-el-arbol-navideno\/","title":{"rendered":"Presidente del Concejo Municipal enciende el \u00e1rbol navide\u00f1o"},"content":{"rendered":"\n<p class=\"wp-block-paragraph\">En ceremonia transmitida de manera virtual, el presidente del Concejo de Tulancingo, Fernando Lemus, llev\u00f3 a cabo el tradicional encendido de \u00e1rbol navide\u00f1o en La Floresta.<\/p>\n\n\n\n<p class=\"wp-block-paragraph\">En otros a\u00f1os, el gobierno estatal coordinaba la log\u00edstica y asum\u00eda la erogaci\u00f3n de los festejos decembrinos, pero a causa de la pandemia se determin\u00f3 suspender los eventos que concentraban gente.&nbsp;<\/p>\n\n\n\n<p class=\"wp-block-paragraph\">Ante esta suspensi\u00f3n, el municipio organiz\u00f3 y planific\u00f3 para que un \u00e1rbol fuera colocado, para sumarse a los ornamentos de estas festividades.<\/p>\n\n\n\n<p class=\"wp-block-paragraph\">Lemus coment\u00f3 que este dif\u00edcil a\u00f1o marc\u00f3 un antes y un despu\u00e9s, \u201cmuchas cosas dejar\u00e1n de hacerse como se hac\u00edan y habr\u00e1 que adaptarse a nuevas formas de trabajar, estudiar y vivir\u201d.<\/p>\n\n\n\n<p class=\"wp-block-paragraph\">El objetivo del evento fue transmitir a las familias que en tiempos de adversidad es cuando deben imponerse la uni\u00f3n, solidaridad y otros valores, fundamentales para asumir la nueva realidad.<\/p>\n","protected":false},"excerpt":{"rendered":"<p>En ceremonia transmitida de manera virtual, el presidente del Concejo de Tulancingo, Fernando Lemus, llev\u00f3 a cabo el tradicional encendido de \u00e1rbol navide\u00f1o en La Floresta. En otros a\u00f1os, el gobierno estatal coordinaba la log\u00edstica y asum\u00eda la erogaci\u00f3n de los festejos decembrinos, pero a causa de la pandemia se determin\u00f3 suspender los eventos que [&hellip;]<\/p>\n","protected":false},"author":93,"featured_media":143645,"comment_status":"closed","ping_status":"open","sticky":false,"template":"","format":"standard","meta":{"footnotes":""},"categories":[40],"tags":[],"class_list":["post-143644","post","type-post","status-publish","format-standard","has-post-thumbnail","hentry","category-region"],"_links":{"self":[{"href":"https:\/\/plazajuarez.mx\/historico\/wp-json\/wp\/v2\/posts\/143644","targetHints":{"allow":["GET"]}}],"collection":[{"href":"https:\/\/plazajuarez.mx\/historico\/wp-json\/wp\/v2\/posts"}],"about":[{"href":"https:\/\/plazajuarez.mx\/historico\/wp-json\/wp\/v2\/types\/post"}],"author":[{"embeddable":true,"href":"https:\/\/plazajuarez.mx\/historico\/wp-json\/wp\/v2\/users\/93"}],"replies":[{"embeddable":true,"href":"https:\/\/plazajuarez.mx\/historico\/wp-json\/wp\/v2\/comments?post=143644"}],"version-history":[{"count":0,"href":"https:\/\/plazajuarez.mx\/historico\/wp-json\/wp\/v2\/posts\/143644\/revisions"}],"wp:featuredmedia":[{"embeddable":true,"href":"https:\/\/plazajuarez.mx\/historico\/wp-json\/wp\/v2\/media\/143645"}],"wp:attachment":[{"href":"https:\/\/plazajuarez.mx\/historico\/wp-json\/wp\/v2\/media?parent=143644"}],"wp:term":[{"taxonomy":"category","embeddable":true,"href":"https:\/\/plazajuarez.mx\/historico\/wp-json\/wp\/v2\/categories?post=143644"},{"taxonomy":"post_tag","embeddable":true,"href":"https:\/\/plazajuarez.mx\/historico\/wp-json\/wp\/v2\/tags?post=143644"}],"curies":[{"name":"wp","href":"https:\/\/api.w.org\/{rel}","templated":true}]}}