{"id":143623,"date":"2020-12-08T07:16:56","date_gmt":"2020-12-08T13:16:56","guid":{"rendered":"https:\/\/plazajuarez.mx\/?p=143623"},"modified":"2020-12-08T07:17:13","modified_gmt":"2020-12-08T13:17:13","slug":"el-faro-22","status":"publish","type":"post","link":"https:\/\/plazajuarez.mx\/historico\/el-faro-22\/","title":{"rendered":"El Faro"},"content":{"rendered":"\n<h2 class=\"wp-block-heading\"><strong>La duda<\/strong><\/h2>\n\n\n\n<p>Durante el siglo XVII, el pensador y matem\u00e1tico franc\u00e9s Ren\u00e9 Descartes, intent\u00f3 replantear de manera lo m\u00e1s objetiva y l\u00f3gica posible los fundamentos del pensamiento occidental hasta \u00e9l. Su cimiento fue su \u201cprimera verdad clara y distinta\u201d, es decir, su \u201cpienso, luego existo\u201d. Para llegar a este resultado tom\u00f3 el camino de la duda, fue la duda met\u00f3dica.&nbsp;<\/p>\n\n\n\n<p>Sin darse cuenta, hizo nacer el pensamiento moderno. El individuo dio paso al papel central divino de la Edad Media. La racionalidad se establece como referente de la independencia de la persona respecto a todo lo dem\u00e1s existente. La ciencia confirma su camino matem\u00e1tico como lenguaje particular y de nuevos horizontes para la humanidad.<\/p>\n\n\n\n<p>El pensador alem\u00e1n Manuel Kant, en el siglo XVIII, recoge todas estas herencias y las centra en la noci\u00f3n de autonom\u00eda. El ser humano es la base, su racionalidad gobierna, la ciencia es su expresi\u00f3n. Por todo ello, el hombre ilustrado de este siglo, se busca s\u00f3lo a s\u00ed, desde \u00e9l tiene que decidir y s\u00f3lo \u00e9l asume las consecuencias de sus decisiones.<\/p>\n\n\n\n<p>A\u00f1adimos a esta evoluci\u00f3n somera del pensamiento occidental, la declaraci\u00f3n de Filadelfia de 1776, la Declaraci\u00f3n de la Revoluci\u00f3n Francesa, los avances productivos del siglo XIX, los desastres del siglo XX con sus dos guerras mundiales y la importancia del dinero como esencia de finales del XX y del XXI.<\/p>\n\n\n\n<p>Todo este camino, aunque parezca incre\u00edble, para llegar a nuestros d\u00edas en un contexto de pandemia y con la noticia de una futura vacuna. La vacuna, como expresi\u00f3n de la ciencia y racionalidad de la humanidad nos ofrece una peque\u00f1a luz al final de esta tortura de Covid-19. Tambi\u00e9n es expresi\u00f3n del poder econ\u00f3mico que distingue entre unos pa\u00edses y otros en el mundo seg\u00fan sus ingresos. A unos llegar\u00e1 primero y a otros despu\u00e9s, unos se adue\u00f1an de la mayor parte de las primeras vacunas y otros reciben los restos que dejan los poderosos.&nbsp;<\/p>\n\n\n\n<p>Pero evidentemente, cada persona y ciudadano es aut\u00f3nomo, tiene en s\u00ed la capacidad para tomar responsablemente sus decisiones y asumir las consecuencias. Es por eso, que en estos momentos muchas personas en el mundo se est\u00e1n planteando si se van a vacunar o no lo van a hacer. \u00bfEstamos obligados o no?<\/p>\n\n\n\n<p>Llegados a este punto, en donde a M\u00e9xico no sabemos a\u00fan cu\u00e1ntas vacunas van a llegar, ni tampoco hay todav\u00eda un plan de distribuci\u00f3n de las mismas, no deja de ser rese\u00f1able que ya nos estemos planteando si nos vamos a vacunar o no. \u00bfSe impondr\u00e1 la decisi\u00f3n por el bien com\u00fan o la decisi\u00f3n de cada individuo o coinciden? \u00bfLa salud p\u00fablica depende de uno o de cada uno? \u00bfTendremos las vacunas suficientes para poder tomar decisiones responsables o tendremos que arreglarnos como podamos con lo que tengamos? \u00bfC\u00f3mo resolveremos la duda por c\u00f3mo nos afectar\u00e1n estas vacunas a cada uno de nosotros? \u00bfLa duda nos ayudar\u00e1 a tomar la decisi\u00f3n o nos paralizar\u00e1 ante la acci\u00f3n? Muchos avances hist\u00f3ricos se ponen en juego en nuestros d\u00edas de incertidumbre.<\/p>\n","protected":false},"excerpt":{"rendered":"<p>La duda Durante el siglo XVII, el pensador y matem\u00e1tico franc\u00e9s Ren\u00e9 Descartes, intent\u00f3 replantear de manera lo m\u00e1s objetiva y l\u00f3gica posible los fundamentos del pensamiento occidental hasta \u00e9l. Su cimiento fue su \u201cprimera verdad clara y distinta\u201d, es decir, su \u201cpienso, luego existo\u201d. Para llegar a este resultado tom\u00f3 el camino de la [&hellip;]<\/p>\n","protected":false},"author":98,"featured_media":0,"comment_status":"closed","ping_status":"open","sticky":false,"template":"","format":"standard","meta":{"footnotes":""},"categories":[1006,42],"tags":[],"class_list":["post-143623","post","type-post","status-publish","format-standard","hentry","category-dr-jesus-ignacio-panedas-galindo","category-nuestrapalabra"],"_links":{"self":[{"href":"https:\/\/plazajuarez.mx\/historico\/wp-json\/wp\/v2\/posts\/143623","targetHints":{"allow":["GET"]}}],"collection":[{"href":"https:\/\/plazajuarez.mx\/historico\/wp-json\/wp\/v2\/posts"}],"about":[{"href":"https:\/\/plazajuarez.mx\/historico\/wp-json\/wp\/v2\/types\/post"}],"author":[{"embeddable":true,"href":"https:\/\/plazajuarez.mx\/historico\/wp-json\/wp\/v2\/users\/98"}],"replies":[{"embeddable":true,"href":"https:\/\/plazajuarez.mx\/historico\/wp-json\/wp\/v2\/comments?post=143623"}],"version-history":[{"count":0,"href":"https:\/\/plazajuarez.mx\/historico\/wp-json\/wp\/v2\/posts\/143623\/revisions"}],"wp:attachment":[{"href":"https:\/\/plazajuarez.mx\/historico\/wp-json\/wp\/v2\/media?parent=143623"}],"wp:term":[{"taxonomy":"category","embeddable":true,"href":"https:\/\/plazajuarez.mx\/historico\/wp-json\/wp\/v2\/categories?post=143623"},{"taxonomy":"post_tag","embeddable":true,"href":"https:\/\/plazajuarez.mx\/historico\/wp-json\/wp\/v2\/tags?post=143623"}],"curies":[{"name":"wp","href":"https:\/\/api.w.org\/{rel}","templated":true}]}}