{"id":143619,"date":"2020-12-08T07:14:51","date_gmt":"2020-12-08T13:14:51","guid":{"rendered":"https:\/\/plazajuarez.mx\/?p=143619"},"modified":"2020-12-08T07:15:05","modified_gmt":"2020-12-08T13:15:05","slug":"exhorta-issste-a-reforzar-medidas-como-uso-de-cubrebocas","status":"publish","type":"post","link":"https:\/\/plazajuarez.mx\/historico\/exhorta-issste-a-reforzar-medidas-como-uso-de-cubrebocas\/","title":{"rendered":"Exhorta ISSSTE a reforzar medidas como uso de cubrebocas"},"content":{"rendered":"\n<p>El Instituto de Seguridad y Servicios Sociales de los Trabajadores del Estado (ISSSTE) exhorta a la poblaci\u00f3n a reforzar las medidas preventivas como el uso de cubrebocas, lo anterior ante el repunte de casos por COVID-19.<\/p>\n\n\n\n<p>Asimismo, puntualiza en el lavado de manos, sana distancia, reducci\u00f3n de la movilidad y abstenerse de realizar festejos colectivos,&nbsp; ante las tradiciones decembrinas y principalmente por estar en temporada de fr\u00edo.<\/p>\n\n\n\n<p>Especialistas pidieron a las familias a tener presente que los riesgos de la pandemia siguen vigentes, al estar en un momento crucial para no retroceder en el combate de la propagaci\u00f3n del coronavirus y evitar p\u00e9rdidas humanas.&nbsp;<\/p>\n\n\n\n<p>Destacaron que, de acuerdo con las recomendaciones de la Organizaci\u00f3n Mundial de la Salud (OMS), se debe mantener un uso permanente de cubrebocas en lugares cerrados o aglomerados, como transporte p\u00fablico, oficinas y centros comerciales; pues esta medida protege a quien lo porta y a los que est\u00e1n alrededor.<\/p>\n\n\n\n<p>Adem\u00e1s, enfatizaron en evitar los cubrebocas con v\u00e1lvula, ya que favorecen la exposici\u00f3n de saliva o secreciones respiratorias al medio ambiente, que podr\u00edan transmitir la enfermedad a otras personas.<\/p>\n","protected":false},"excerpt":{"rendered":"<p>El Instituto de Seguridad y Servicios Sociales de los Trabajadores del Estado (ISSSTE) exhorta a la poblaci\u00f3n a reforzar las medidas preventivas como el uso de cubrebocas, lo anterior ante el repunte de casos por COVID-19. Asimismo, puntualiza en el lavado de manos, sana distancia, reducci\u00f3n de la movilidad y abstenerse de realizar festejos colectivos,&nbsp; [&hellip;]<\/p>\n","protected":false},"author":73,"featured_media":143620,"comment_status":"closed","ping_status":"open","sticky":false,"template":"","format":"standard","meta":{"footnotes":""},"categories":[59],"tags":[],"class_list":["post-143619","post","type-post","status-publish","format-standard","has-post-thumbnail","hentry","category-general"],"_links":{"self":[{"href":"https:\/\/plazajuarez.mx\/historico\/wp-json\/wp\/v2\/posts\/143619","targetHints":{"allow":["GET"]}}],"collection":[{"href":"https:\/\/plazajuarez.mx\/historico\/wp-json\/wp\/v2\/posts"}],"about":[{"href":"https:\/\/plazajuarez.mx\/historico\/wp-json\/wp\/v2\/types\/post"}],"author":[{"embeddable":true,"href":"https:\/\/plazajuarez.mx\/historico\/wp-json\/wp\/v2\/users\/73"}],"replies":[{"embeddable":true,"href":"https:\/\/plazajuarez.mx\/historico\/wp-json\/wp\/v2\/comments?post=143619"}],"version-history":[{"count":0,"href":"https:\/\/plazajuarez.mx\/historico\/wp-json\/wp\/v2\/posts\/143619\/revisions"}],"wp:featuredmedia":[{"embeddable":true,"href":"https:\/\/plazajuarez.mx\/historico\/wp-json\/wp\/v2\/media\/143620"}],"wp:attachment":[{"href":"https:\/\/plazajuarez.mx\/historico\/wp-json\/wp\/v2\/media?parent=143619"}],"wp:term":[{"taxonomy":"category","embeddable":true,"href":"https:\/\/plazajuarez.mx\/historico\/wp-json\/wp\/v2\/categories?post=143619"},{"taxonomy":"post_tag","embeddable":true,"href":"https:\/\/plazajuarez.mx\/historico\/wp-json\/wp\/v2\/tags?post=143619"}],"curies":[{"name":"wp","href":"https:\/\/api.w.org\/{rel}","templated":true}]}}