{"id":142955,"date":"2020-12-03T07:03:28","date_gmt":"2020-12-03T13:03:28","guid":{"rendered":"https:\/\/plazajuarez.mx\/?p=142955"},"modified":"2020-12-03T07:03:50","modified_gmt":"2020-12-03T13:03:50","slug":"dese-por-enterado-811","status":"publish","type":"post","link":"https:\/\/plazajuarez.mx\/historico\/dese-por-enterado-811\/","title":{"rendered":"DESE POR ENTERADO"},"content":{"rendered":"\n<p><strong>CUMPLI\u00d3 GRUPO MODELO EN APAN.-<\/strong> Bandera del legislador del GU-Morena, Rafael Garnica, para impedir la construcci\u00f3n de la planta del Grupo Modelo en la regi\u00f3n de Apan, la posibilidad de que dejaran sin agua a la poblaci\u00f3n de esa zona, ya no dijo nada el d\u00eda de ayer que la empresa de cerveza entreg\u00f3 dos pozos que perfor\u00f3 y equip\u00f3 con una inversi\u00f3n de 24 millones de pesos, y que beneficiar\u00e1n a 25 mil habitantes de esa poblaci\u00f3n. Garnica encabez\u00f3 todo un movimiento para impedir que se edificara la planta de Modelo bajo la gu\u00eda de su l\u00edder moral que hasta donde sabemos todav\u00eda sigue en el penal de El Altiplano. Poco le import\u00f3 en su momento poner en peligro la generaci\u00f3n de miles de empleos, compra de cebada a los productores de los Llanos de Apan y una inversi\u00f3n de 14 mil millones de pesos. La planta se convertir\u00e1 en la segunda m\u00e1s grande del mundo. Como se ve mezclar grilla pol\u00edtica y venganzas del mismo tipo resulta irresponsable en todo el sentido de la palabra. Por lo mientras los pozos ya est\u00e1n y es una buena noticia. Ahora que tampoco hay que dejar de mencionar que se han dado casos de que las empresas prometen mucho y luego nada de nada, pero esta vez s\u00ed cumplieron y eso vale la pena ser destacado.<\/p>\n\n\n\n<hr class=\"wp-block-separator\"\/>\n\n\n\n<p><strong>\u00bfPUES QU\u00c9 SE TRAEN LOS DEL SANTO PATRONCITO?.-<\/strong> Sensibilidad, madurez, civilidad pol\u00edtica. As\u00ed se calificaron los representantes populares que vestidos de Morena dieron su voto a favor del Presupuesto de Egresos del 2021 enviado por el Poder Ejecutivo a la C\u00e1mara de Diputados. Todos esperaban que buscaran hincarle el diente&nbsp; para el Fondo de Contingencia que piensan formar para apoyar a su Santo Patrono preso, pero no, fueron unos estadistas en todo el sentido de la palabra. Vaya pues que ni Cory cant\u00f3, el fil\u00f3sofo Mayorga rele\u00eda a Sartre y Richy saludaba con gran sonrisa. \u00bfPues qu\u00e9 se traen? Porque en serio, que les crea su abuelita que de pronto ya son almas de la caridad y solo quieren hacer el bien sin mirar a quien. No, no les creo.<\/p>\n\n\n\n<hr class=\"wp-block-separator\"\/>\n\n\n\n<p><strong>LA LUCHA DE PABLO VARGAS.-<\/strong> Nadie puede restarle m\u00e9ritos acad\u00e9micos, ni tampoco verticalidad en su lucha pol\u00edtica. El doctor Pablo Vargas Gonz\u00e1lez es un personaje importante en la b\u00fasqueda de dignificar el ejercicio pol\u00edtico en Hidalgo. Por supuesto est\u00e1 en su derecho de impugnar por todos los medios la elecci\u00f3n municipal en Pachuca. Pocos como \u00e9l se atrevieron a enfrentar el poder del Grupo Universidad en la m\u00e1xima casa de estudios de la entidad. Por eso llama la atenci\u00f3n que haya decidido hacer frente com\u00fan con un personaje tan cuestionable como Vicente Charrez, luego que fue anulada la elecci\u00f3n en Ixmiquilpan, que en un principio hab\u00eda ganado el hermano de Cipriano. Veremos.<\/p>\n\n\n\n<hr class=\"wp-block-separator\"\/>\n\n\n\n<p><strong>YA VIENE LA VACUNA.-<\/strong> Una buena noticia entre muchas otras que no lo son: es un hecho que este mismo a\u00f1o podr\u00eda empezar a aplicarse la vacuna contra el coronavirus en territorio nacional. Al menos es lo que se inform\u00f3 ayer. La situaci\u00f3n es dif\u00edcil, complicada en todo el sentido de la palabra, pero por vez primera se ve una luz al final del t\u00fanel. Esperemos que as\u00ed sea.<\/p>\n\n\n\n<hr class=\"wp-block-separator\"\/>\n\n\n\n<p><strong><em>Aviso para que no digan: Esa columna se nutre de comentarios recabados en agencias del Recontra-Espionaje, muy similares a las que populariz\u00f3 el \u201cS\u00faper Agente 86\u201d en sus tiempos. Como tal, usted est\u00e1 en libertad de creer o no lo que lee, recontra-enojarse, recontra-carcajearse y hasta recontra-recordarnos a nuestra jefecita (nosotros recontra-hacemos lo propio). Avisado est\u00e1 usted.<\/em><\/strong><\/p>\n\n\n\n<p>Dudas y comentarios:<\/p>\n\n\n\n<p><a href=\"mailto:desexenterado@gmail.com\">desexenterado@gmail.com<\/a><\/p>\n\n\n\n<p>@desexenterado<\/p>\n","protected":false},"excerpt":{"rendered":"<p>CUMPLI\u00d3 GRUPO MODELO EN APAN.- Bandera del legislador del GU-Morena, Rafael Garnica, para impedir la construcci\u00f3n de la planta del Grupo Modelo en la regi\u00f3n de Apan, la posibilidad de que dejaran sin agua a la poblaci\u00f3n de esa zona, ya no dijo nada el d\u00eda de ayer que la empresa de cerveza entreg\u00f3 dos [&hellip;]<\/p>\n","protected":false},"author":93,"featured_media":0,"comment_status":"closed","ping_status":"open","sticky":false,"template":"","format":"standard","meta":{"footnotes":""},"categories":[83],"tags":[],"class_list":["post-142955","post","type-post","status-publish","format-standard","hentry","category-dese-por-enterado"],"_links":{"self":[{"href":"https:\/\/plazajuarez.mx\/historico\/wp-json\/wp\/v2\/posts\/142955","targetHints":{"allow":["GET"]}}],"collection":[{"href":"https:\/\/plazajuarez.mx\/historico\/wp-json\/wp\/v2\/posts"}],"about":[{"href":"https:\/\/plazajuarez.mx\/historico\/wp-json\/wp\/v2\/types\/post"}],"author":[{"embeddable":true,"href":"https:\/\/plazajuarez.mx\/historico\/wp-json\/wp\/v2\/users\/93"}],"replies":[{"embeddable":true,"href":"https:\/\/plazajuarez.mx\/historico\/wp-json\/wp\/v2\/comments?post=142955"}],"version-history":[{"count":0,"href":"https:\/\/plazajuarez.mx\/historico\/wp-json\/wp\/v2\/posts\/142955\/revisions"}],"wp:attachment":[{"href":"https:\/\/plazajuarez.mx\/historico\/wp-json\/wp\/v2\/media?parent=142955"}],"wp:term":[{"taxonomy":"category","embeddable":true,"href":"https:\/\/plazajuarez.mx\/historico\/wp-json\/wp\/v2\/categories?post=142955"},{"taxonomy":"post_tag","embeddable":true,"href":"https:\/\/plazajuarez.mx\/historico\/wp-json\/wp\/v2\/tags?post=142955"}],"curies":[{"name":"wp","href":"https:\/\/api.w.org\/{rel}","templated":true}]}}