{"id":142937,"date":"2020-12-02T17:06:34","date_gmt":"2020-12-02T23:06:34","guid":{"rendered":"https:\/\/plazajuarez.mx\/?p=142937"},"modified":"2020-12-02T17:06:48","modified_gmt":"2020-12-02T23:06:48","slug":"mexico-cierra-contrato-con-pfizer-y-avanza-en-su-plan-de-vacunacion","status":"publish","type":"post","link":"https:\/\/plazajuarez.mx\/historico\/mexico-cierra-contrato-con-pfizer-y-avanza-en-su-plan-de-vacunacion\/","title":{"rendered":"M\u00e9xico cierra contrato con Pfizer y avanza en su plan de vacunaci\u00f3n"},"content":{"rendered":"\n<p>M\u00e9xico avanza en su plan de vacunaci\u00f3n y este mismo mi\u00e9rcoles cerr\u00f3 un contrato con la farmac\u00e9utica Pfizer para que su vacuna pueda aplicarse a la poblaci\u00f3n lo antes posible, idealmente en diciembre, explicaron autoridades federales.<\/p>\n\n\n\n<p>Este mi\u00e9rcoles, la Secretar\u00eda de Salud inform\u00f3 en Twitter que Alcocer ya hab\u00eda suscrito el convenio de fabricaci\u00f3n y suministro de vacuna contra la covid-19 con Pfizer para adquirir 34,4 millones de vacunas.<\/p>\n\n\n\n<p>&#8220;La expectativa es recibir 250.000 dosis este mismo mes para proteger a las y los mexicanos, con prioridad en el personal de salud que est\u00e1 en la primera l\u00ednea de atenci\u00f3n a esta enfermedad&#8221;, indic\u00f3 el ministerio.<\/p>\n\n\n\n<p>La noticia se dio a conocer el martes, cuando el subsecretario de Prevenci\u00f3n y Promoci\u00f3n de la Salud, Hugo L\u00f3pez-Gatell, explic\u00f3 en rueda de prensa que se esperaba para este mi\u00e9rcoles tener la &#8220;versi\u00f3n final&#8221; del contrato de Pfizer, que firmar\u00eda por parte del Gobierno mexicano el secretario de Salud, Jorge Alcocer.<\/p>\n\n\n\n<p>&#8220;Y por su parte, la Secretar\u00eda de Hacienda y Cr\u00e9dito P\u00fablico est\u00e1 haciendo todos los planes presupuestales y financieros para tener la suficiencia presupuestal y adquirir las vacunas tanto de Pfizer, como de CanSino y como de AstraZeneca&#8221;, puntualiz\u00f3.<\/p>\n\n\n\n<p>Adem\u00e1s, L\u00f3pez-Gatell habl\u00f3 de una &#8220;cuarta buena noticia&#8221; en referencia a que la farmac\u00e9utica Janssen empez\u00f3 su ensayo cl\u00ednico en M\u00e9xico, siendo este el noveno pa\u00eds en el que se llevar\u00e1n a cabo pruebas.<\/p>\n\n\n\n<p><strong>L\u00d3PEZ OBRADOR CELEBRA AVANCES<\/strong><\/p>\n\n\n\n<p>Este mi\u00e9rcoles se dio a conocer que el Reino Unido empezar\u00e1 a comienzos de la pr\u00f3xima semana a vacunar contra la covid-19 a los grupos m\u00e1s vulnerables despu\u00e9s de que los reguladores brit\u00e1nicos hayan aprobado el preparado desarrollado por la estadounidense Pfizer y su socio alem\u00e1n BioNTech.<\/p>\n\n\n\n<p>Reino Unido se convierte en el primer pa\u00eds que aprueba esta vacuna.<\/p>\n\n\n\n<p>&#8220;Autoriza el Reino Unido la vacuna desarrollada por Pfizer. En M\u00e9xico ya tiene la autoridad regulatoria la solicitud correspondiente. Lo que muchos supon\u00edan imposible ahora es una realidad: la vacunaci\u00f3n est\u00e1 por iniciar en diciembre 2020&#8221;, apunt\u00f3 este mi\u00e9rcoles en Twitter el canciller de M\u00e9xico, Marcelo Ebrard.<\/p>\n\n\n\n<p>Cuestionado sobre el plan de vacunaci\u00f3n nacional, el presidente de M\u00e9xico, Andr\u00e9s Manuel L\u00f3pez Obrador, afirm\u00f3 que se est\u00e1 revisando &#8220;a diario todo lo relacionado con la vacuna&#8221;.<\/p>\n\n\n\n<p>&#8220;No quiero generar falsas expectativas en un asunto tan delicado. Nos importa mucho tener la vacuna lo m\u00e1s pronto posible, ya tenemos acuerdos con las farmac\u00e9uticas y con Gobiernos de otros pa\u00edses. Vamos bien&#8221;, puntualiz\u00f3.<\/p>\n\n\n\n<p>Y agreg\u00f3 que ya se tiene todo el plan a aplicarse una vez haya vacuna e indic\u00f3 que se dar\u00e1 a conocer el pr\u00f3ximo martes.<\/p>\n\n\n\n<p>Sobre Pfizer, explic\u00f3 que el contrat\u00f3 ya est\u00e1 &#8220;por cerrarse&#8221; y &#8220;ya se cuenta con el dinero&#8221;.<\/p>\n\n\n\n<p>Dijo que se disponen, de entrada, de 20.000 millones de pesos (casi 1.000 millones de d\u00f3lares) para destinar a este rubro.<\/p>\n\n\n\n<p>Y se busca simplificar el proceso ante la autoridad regulatoria, la Comisi\u00f3n Federal para la Protecci\u00f3n de Riesgos Sanitarios (Cofepris). &#8220;Este un asunto de urgencia&#8221;, remarc\u00f3.<\/p>\n\n\n\n<p>En el mejor de los casos, las autoridades esperan que se empiece a vacunar en M\u00e9xico a partir de diciembre. Aunque por el momento se est\u00e1n mostrando bastante cautelosas.<\/p>\n\n\n\n<p>&#8220;Habr\u00eda la posibilidad de empezar a vacunar a finales de este mes, pues as\u00ed est\u00e1n pensando otros pa\u00edses, pero no depende de nosotros&#8221;, concluy\u00f3 el presidente.<\/p>\n\n\n\n<p>El pasado 13 de octubre, el Gobierno de M\u00e9xico present\u00f3 un ambicioso plan de adquisici\u00f3n de dosis que permitir\u00eda vacunar a m\u00e1s 116 millones de personas, 20 millones de ellas durante el primer trimestre de 2021.<\/p>\n\n\n\n<p>M\u00e9xico suma al momento 106.765 fallecidos de coronavirus y m\u00e1s de 1.120.000 casos, con un repunte en las \u00faltimas semanas y una mayor ocupaci\u00f3n hospitalaria en varias regiones, entre ellas la capital.<\/p>\n","protected":false},"excerpt":{"rendered":"<p>M\u00e9xico avanza en su plan de vacunaci\u00f3n y este mismo mi\u00e9rcoles cerr\u00f3 un contrato con la farmac\u00e9utica Pfizer para que su vacuna pueda aplicarse a la poblaci\u00f3n lo antes posible, idealmente en diciembre, explicaron autoridades federales. Este mi\u00e9rcoles, la Secretar\u00eda de Salud inform\u00f3 en Twitter que Alcocer ya hab\u00eda suscrito el convenio de fabricaci\u00f3n y [&hellip;]<\/p>\n","protected":false},"author":80,"featured_media":142938,"comment_status":"closed","ping_status":"open","sticky":false,"template":"","format":"standard","meta":{"footnotes":""},"categories":[15,36],"tags":[],"class_list":["post-142937","post","type-post","status-publish","format-standard","has-post-thumbnail","hentry","category-destacadas","category-nacion"],"_links":{"self":[{"href":"https:\/\/plazajuarez.mx\/historico\/wp-json\/wp\/v2\/posts\/142937","targetHints":{"allow":["GET"]}}],"collection":[{"href":"https:\/\/plazajuarez.mx\/historico\/wp-json\/wp\/v2\/posts"}],"about":[{"href":"https:\/\/plazajuarez.mx\/historico\/wp-json\/wp\/v2\/types\/post"}],"author":[{"embeddable":true,"href":"https:\/\/plazajuarez.mx\/historico\/wp-json\/wp\/v2\/users\/80"}],"replies":[{"embeddable":true,"href":"https:\/\/plazajuarez.mx\/historico\/wp-json\/wp\/v2\/comments?post=142937"}],"version-history":[{"count":0,"href":"https:\/\/plazajuarez.mx\/historico\/wp-json\/wp\/v2\/posts\/142937\/revisions"}],"wp:featuredmedia":[{"embeddable":true,"href":"https:\/\/plazajuarez.mx\/historico\/wp-json\/wp\/v2\/media\/142938"}],"wp:attachment":[{"href":"https:\/\/plazajuarez.mx\/historico\/wp-json\/wp\/v2\/media?parent=142937"}],"wp:term":[{"taxonomy":"category","embeddable":true,"href":"https:\/\/plazajuarez.mx\/historico\/wp-json\/wp\/v2\/categories?post=142937"},{"taxonomy":"post_tag","embeddable":true,"href":"https:\/\/plazajuarez.mx\/historico\/wp-json\/wp\/v2\/tags?post=142937"}],"curies":[{"name":"wp","href":"https:\/\/api.w.org\/{rel}","templated":true}]}}