{"id":142799,"date":"2020-12-02T07:11:33","date_gmt":"2020-12-02T13:11:33","guid":{"rendered":"https:\/\/plazajuarez.mx\/?p=142799"},"modified":"2020-12-02T07:11:49","modified_gmt":"2020-12-02T13:11:49","slug":"personal-de-ssh-imss-e-issste-participan-en-platicas-y-talleres-sobre-vih-sida","status":"publish","type":"post","link":"https:\/\/plazajuarez.mx\/historico\/personal-de-ssh-imss-e-issste-participan-en-platicas-y-talleres-sobre-vih-sida\/","title":{"rendered":"Personal de SSH, IMSS e ISSSTE participan en pl\u00e1ticas y talleres sobre VIH\/SIDA"},"content":{"rendered":"\n<p>Personal de Primer Nivel de Atenci\u00f3n perteneciente a la Secretar\u00eda de Salud de Hidalgo (SSH), IMSS e ISSSTE, participaron en un taller de capacitaci\u00f3n sobre VIH\/SIDA y diversidad sexual, esto en el marco del D\u00eda Mundial de Lucha Contra el SIDA.<\/p>\n\n\n\n<p>De forma virtual y al inaugurar el taller, el titular de la SSH, Alejandro Efra\u00edn Ben\u00edtez Herrera, dirigi\u00f3 un mensaje mediante la p\u00e1gina dispuesta por parte del Programa Estatal de Prevenci\u00f3n y Control de esa enfermedad en Hidalgo, en donde rese\u00f1\u00f3 el inicio de la pandemia por VIH\/SIDA, as\u00ed como los tab\u00faes y estigmas que desde su aparici\u00f3n ha conllevado, dijo \u201cEs la enfermedad en la que se ha invertido m\u00e1s y ha afectado a todas las esferas sociales, pol\u00edticas y econ\u00f3micas, por lo que, el reto de la poblaci\u00f3n debe ser aceptar y entender la situaci\u00f3n de quienes la padecen, en tanto que del personal m\u00e9dico, deber\u00e1 ser la empat\u00eda y solidaridad\u201d.<\/p>\n\n\n\n<p>En tanto, fue el Subsecretario de Servicios de Salud, Jos\u00e9 Domingo Casillas Enr\u00edquez, quien asegur\u00f3 que pese a estar viviendo actualmente una pandemia, no es posible voltear los ojos de otras enfermedades a\u00fan no resueltas y que siguen costando la vida de muchas personas, como es el caso del VIH\/SIDA, acot\u00f3 que este tipo de enfermedades, dejan ense\u00f1anzas de estar preparados y capacitados para evitar muertes, ya sea por COVID, por enfermedades cr\u00f3nico degenerativas o por sida; de ah\u00ed que destac\u00f3 la importancia de capacitar no \u00fanicamente al personal m\u00e9dico, sino a la poblaci\u00f3n en general.<\/p>\n","protected":false},"excerpt":{"rendered":"<p>Personal de Primer Nivel de Atenci\u00f3n perteneciente a la Secretar\u00eda de Salud de Hidalgo (SSH), IMSS e ISSSTE, participaron en un taller de capacitaci\u00f3n sobre VIH\/SIDA y diversidad sexual, esto en el marco del D\u00eda Mundial de Lucha Contra el SIDA. De forma virtual y al inaugurar el taller, el titular de la SSH, Alejandro [&hellip;]<\/p>\n","protected":false},"author":93,"featured_media":142800,"comment_status":"closed","ping_status":"open","sticky":false,"template":"","format":"standard","meta":{"footnotes":""},"categories":[59],"tags":[],"class_list":["post-142799","post","type-post","status-publish","format-standard","has-post-thumbnail","hentry","category-general"],"_links":{"self":[{"href":"https:\/\/plazajuarez.mx\/historico\/wp-json\/wp\/v2\/posts\/142799","targetHints":{"allow":["GET"]}}],"collection":[{"href":"https:\/\/plazajuarez.mx\/historico\/wp-json\/wp\/v2\/posts"}],"about":[{"href":"https:\/\/plazajuarez.mx\/historico\/wp-json\/wp\/v2\/types\/post"}],"author":[{"embeddable":true,"href":"https:\/\/plazajuarez.mx\/historico\/wp-json\/wp\/v2\/users\/93"}],"replies":[{"embeddable":true,"href":"https:\/\/plazajuarez.mx\/historico\/wp-json\/wp\/v2\/comments?post=142799"}],"version-history":[{"count":0,"href":"https:\/\/plazajuarez.mx\/historico\/wp-json\/wp\/v2\/posts\/142799\/revisions"}],"wp:featuredmedia":[{"embeddable":true,"href":"https:\/\/plazajuarez.mx\/historico\/wp-json\/wp\/v2\/media\/142800"}],"wp:attachment":[{"href":"https:\/\/plazajuarez.mx\/historico\/wp-json\/wp\/v2\/media?parent=142799"}],"wp:term":[{"taxonomy":"category","embeddable":true,"href":"https:\/\/plazajuarez.mx\/historico\/wp-json\/wp\/v2\/categories?post=142799"},{"taxonomy":"post_tag","embeddable":true,"href":"https:\/\/plazajuarez.mx\/historico\/wp-json\/wp\/v2\/tags?post=142799"}],"curies":[{"name":"wp","href":"https:\/\/api.w.org\/{rel}","templated":true}]}}