{"id":142793,"date":"2020-12-02T07:01:58","date_gmt":"2020-12-02T13:01:58","guid":{"rendered":"https:\/\/plazajuarez.mx\/?p=142793"},"modified":"2020-12-02T07:02:15","modified_gmt":"2020-12-02T13:02:15","slug":"dese-por-enterado-810","status":"publish","type":"post","link":"https:\/\/plazajuarez.mx\/historico\/dese-por-enterado-810\/","title":{"rendered":"DESE POR ENTERADO"},"content":{"rendered":"\n<p><strong>NO SE SABE NADA DE LA AUDIENCIA DEL L\u00cdDER DEL GRUPO UNIVERSIDAD EN EL PENAL DE EL ALTIPLANO.-<\/strong> Nadie sabe, nadie supo, lo que pas\u00f3 el d\u00eda de ayer en el juzgado de El Altiplano, donde se supone habr\u00eda de desarrollarse la audiencia para determinar la situaci\u00f3n jur\u00eddica del dirigente del Grupo Universidad, G.S.C., detenido desde el pasado 31 de agosto, entre otros presuntos delitos, por delincuencia organizada. Sus fieles seguidores que tienen todos los puestos claves de la Universidad Aut\u00f3noma del Estado de Hidalgo, as\u00ed como diputados locales y federales de Morena, hab\u00edan festejado por anticipado que ser\u00eda puesto en libertad con las pruebas que a su favor presentar\u00edan los abogados que llevan su defensa, pero cuando menos pasadas las 22 horas de este lunes, nada se sab\u00eda. As\u00ed que seguimos como al principio, aunque en estos tiempos todo puede suceder.<\/p>\n\n\n\n<hr class=\"wp-block-separator\"\/>\n\n\n\n<p><strong>EN IXMIQUILPAN YA EMPEZ\u00d3 EL CHARREZ.-<\/strong> Vicente Charrez, es decir el prospecto de Emperador III, est\u00e1 que no le calienta nada y por eso ya gir\u00f3 instrucciones para que el pueblo siempre bueno y generoso tome la presidencia municipal, y exijan que se respete la voluntad ciudadana que hab\u00eda convertido en presidente municipal al susodicho. Afirman que don Chente ya se ve\u00eda despachando como alcalde, y hasta afirman que estaba listo para ser diputado federal, bueno, primero candidato, porque el cargo de edil ya le quedaba chico. \u201cSi Cipriano fue, yo por qu\u00e9 no\u201d, dicen que se dijo. Las cosas se pueden complicar en Ixmiquilpan.<\/p>\n\n\n\n<hr class=\"wp-block-separator\"\/>\n\n\n\n<p><strong>Y EN TULANCINGO.-<\/strong> El chamaco que va a ir por todas las canicas, es decir Dami\u00e1n Sosa Castel\u00e1n, igual que Chente en Ixmiquilpan, afirma que ser\u00e1 \u00e9l y solo \u00e9l, presidente municipal luego de la anulaci\u00f3n de la elecci\u00f3n que dej\u00f3 chiflando en la loma a Jorge M\u00e1rquez. Total que ni uno ni otro se prev\u00e9 que lleguen al tan ansiado cargo. As\u00ed que le pido que se mantenga atento porque podr\u00eda haber noticias interesantes en poco tiempo para esa regi\u00f3n de las antenas.<\/p>\n\n\n\n<hr class=\"wp-block-separator\"\/>\n\n\n\n<p><strong>VER\u00d3NICA MONROY EN TULA, PRUDENTE Y JUICIOSA.-<\/strong> La presidenta del Concejo de Administraci\u00f3n en Tula, Ver\u00f3nica Monroy, result\u00f3 sin duda una de las mejores por una simple y sencilla raz\u00f3n: supo que el cargo era transitorio, de apenas unos meses, y que no pod\u00eda ni deb\u00eda comprometer la gesti\u00f3n del alcalde que ya est\u00e1 electo con un presupuesto inamovible. Menos con la creaci\u00f3n al vapor de nuevos organismos. Supo aplicar el sentido com\u00fan y eso le vale ser considerada desde ya como prudente y muy juiciosa. No sucedi\u00f3 as\u00ed en otros ayuntamientos donde de manera ma\u00f1osa, pretendieron imponer al alcalde electo, todo tipo de directrices e incluso funcionarios. Bien por Vero.<\/p>\n\n\n\n<p><strong>NUEVO PUEBLO M\u00c1GICO.-<\/strong> Funcion\u00f3 la coordinaci\u00f3n entre gobierno e iniciativa privada en Zempoala, que ya es Pueblo M\u00e1gico. Cuando se trabaja con inteligencia se pueden hacer muchas cosas.<\/p>\n\n\n\n<hr class=\"wp-block-separator\"\/>\n\n\n\n<p><strong><em>Aviso para que no digan: Esa columna se nutre de comentarios recabados en agencias del Recontra-Espionaje, muy similares a las que populariz\u00f3 el \u201cS\u00faper Agente 86\u201d en sus tiempos. Como tal, usted est\u00e1 en libertad de creer o no lo que lee, recontra-enojarse, recontra-carcajearse y hasta recontra-recordarnos a nuestra jefecita (nosotros recontra-hacemos lo propio). Avisado est\u00e1 usted.<\/em><\/strong><\/p>\n\n\n\n<p>Dudas y comentarios:<\/p>\n\n\n\n<p><a href=\"mailto:desexenterado@gmail.com\">desexenterado@gmail.com<\/a><\/p>\n\n\n\n<p>@desexenterado<\/p>\n","protected":false},"excerpt":{"rendered":"<p>NO SE SABE NADA DE LA AUDIENCIA DEL L\u00cdDER DEL GRUPO UNIVERSIDAD EN EL PENAL DE EL ALTIPLANO.- Nadie sabe, nadie supo, lo que pas\u00f3 el d\u00eda de ayer en el juzgado de El Altiplano, donde se supone habr\u00eda de desarrollarse la audiencia para determinar la situaci\u00f3n jur\u00eddica del dirigente del Grupo Universidad, G.S.C., detenido [&hellip;]<\/p>\n","protected":false},"author":93,"featured_media":0,"comment_status":"closed","ping_status":"open","sticky":false,"template":"","format":"standard","meta":{"footnotes":""},"categories":[83],"tags":[],"class_list":["post-142793","post","type-post","status-publish","format-standard","hentry","category-dese-por-enterado"],"_links":{"self":[{"href":"https:\/\/plazajuarez.mx\/historico\/wp-json\/wp\/v2\/posts\/142793","targetHints":{"allow":["GET"]}}],"collection":[{"href":"https:\/\/plazajuarez.mx\/historico\/wp-json\/wp\/v2\/posts"}],"about":[{"href":"https:\/\/plazajuarez.mx\/historico\/wp-json\/wp\/v2\/types\/post"}],"author":[{"embeddable":true,"href":"https:\/\/plazajuarez.mx\/historico\/wp-json\/wp\/v2\/users\/93"}],"replies":[{"embeddable":true,"href":"https:\/\/plazajuarez.mx\/historico\/wp-json\/wp\/v2\/comments?post=142793"}],"version-history":[{"count":0,"href":"https:\/\/plazajuarez.mx\/historico\/wp-json\/wp\/v2\/posts\/142793\/revisions"}],"wp:attachment":[{"href":"https:\/\/plazajuarez.mx\/historico\/wp-json\/wp\/v2\/media?parent=142793"}],"wp:term":[{"taxonomy":"category","embeddable":true,"href":"https:\/\/plazajuarez.mx\/historico\/wp-json\/wp\/v2\/categories?post=142793"},{"taxonomy":"post_tag","embeddable":true,"href":"https:\/\/plazajuarez.mx\/historico\/wp-json\/wp\/v2\/tags?post=142793"}],"curies":[{"name":"wp","href":"https:\/\/api.w.org\/{rel}","templated":true}]}}