{"id":142791,"date":"2020-12-02T06:59:27","date_gmt":"2020-12-02T12:59:27","guid":{"rendered":"https:\/\/plazajuarez.mx\/?p=142791"},"modified":"2020-12-02T06:59:45","modified_gmt":"2020-12-02T12:59:45","slug":"retratos-hablados-1011","status":"publish","type":"post","link":"https:\/\/plazajuarez.mx\/historico\/retratos-hablados-1011\/","title":{"rendered":"RETRATOS HABLADOS"},"content":{"rendered":"\n<h2 class=\"wp-block-heading\">A dos a\u00f1os: \u00bfTodav\u00eda hay espacio para la esperanza?<\/h2>\n\n\n\n<!--more-->\n\n\n\n<p>Empezamos a preguntarnos con sincera aflicci\u00f3n si pasados dos a\u00f1os del gobierno del <strong>Presidente L\u00f3pez Obrador<\/strong>, todav\u00eda puede haber tiempo y espacio para mantener la esperanza sincera alejada del fanatismo que jura que a M\u00e9xico le esperan tiempos de bonanza y progreso. Bajo la \u00f3ptica de los hechos concretos, no la informaci\u00f3n sesgada y parte de intensas campa\u00f1as en su contra en un algo que simplemente ha ocurrido eternamente en el pa\u00eds, la verdad es dif\u00edcil no dudar del camino que se ha emprendido.<\/p>\n\n\n\n<p>No, dar por sentado que la opini\u00f3n de quienes ya adelantaron un juicio lapidario sobre el sexenio L\u00f3pez Obradorista es una verdad absoluta, de ning\u00fan modo puede ser el camino; pero tampoco el de los que enaltecen su labor porque decidieron transformarlo en una deidad en vida, y que asumen que quien dude de su actuar es por lo tanto su enemigo mortal.<\/p>\n\n\n\n<p>Al pa\u00eds, sin duda, le hac\u00eda falta un cambio en su ruta que iba camino al precipicio, un como dicen golpe de tim\u00f3n para enderezar caminos, asumir el combate a la corrupci\u00f3n como eje central de acciones, y la vocaci\u00f3n de la honestidad como \u00fanica garant\u00eda de mejora. Para estos momentos estoy cierto que solo el Jefe de la Naci\u00f3n se mantiene en el camino, pero dif\u00edcilmente podr\u00edan pasar esa prueba buena parte de sus colaboradores.<\/p>\n\n\n\n<p>Vaya pues, AMLO no est\u00e1 quebrado, y pese a los desatinos que representa la sobre exposici\u00f3n en conferencias de prensa sin sentido en \u201cLa Ma\u00f1anera\u201d, y que deber\u00edan ser canceladas por el bien del propio Presidente, ser\u00eda mal intencionado sentenciar que ya no hay remedio y que seremos presa en los siguientes cuatro a\u00f1os de un nuevo andar hacia el despe\u00f1adero.<\/p>\n\n\n\n<p>Todav\u00eda hay esperanza, pero tambi\u00e9n hay mucha desilusi\u00f3n, porque con todo y la buena voluntad que pueda existir, un solo hombre por muy Presidente de la Rep\u00fablica que sea no puede lograr la transformaci\u00f3n anunciada. Es imposible, es inviable incluso cuando se observa a un equipo pol\u00edtico que genera la idea de que es solo la ambici\u00f3n miserable del poder la que gu\u00eda todos sus pasos, y no algo que va m\u00e1s all\u00e1 de ese asunto mundano y terrenal.<\/p>\n\n\n\n<p>Menos si el discurso se mantiene en condenar a los que critican y lo peor, colgarles calificativos como \u201cconservadores\u201d, de una \u00e9poca que de tan antigua solo hace pensar en anacronismos hist\u00f3ricos, pero tambi\u00e9n incapacidad para enfrentar el presente.<\/p>\n\n\n\n<p>Nada puede hacer m\u00e1s da\u00f1o a quien enarbola la bandera de la transformaci\u00f3n como un equipo que decide convertirlo en deidad viviente, y sobre todo hacer todo lo que sea necesario para que quien goz\u00f3 de la cabalidad y serenidad, empiece a creer que si bien no es Dios, est\u00e1 llamado a ser el M\u00e1rtir de la democracia y la transformaci\u00f3n.<\/p>\n\n\n\n<p>Y sin embargo la esperanza no est\u00e1 muerta. Existe con todo y el mar de difuntos por el Covid-19, y en donde como nunca hay responsabilidad del ciudadano que se niega a tomar en serio un virus asesino, a lo que se agregan diputados federales imb\u00e9ciles que se niegan a usar un cubrebocas porque defienden su derecho a la libertad.<\/p>\n\n\n\n<p>Hay muchas razones para pensar que el cambio ya no llegar\u00e1 al menos en el trayecto de vida que nos toca caminar, pero tambi\u00e9n otras que sostienen la necia esperanza, cada vez m\u00e1s achicada, triste y desilusionada, pero al fin esperanza.<\/p>\n\n\n\n<p>Ojal\u00e1 todav\u00eda haya tiempo.<\/p>\n\n\n\n<p>Ojal\u00e1.<\/p>\n\n\n\n<p>Mil gracias, hasta ma\u00f1ana.<\/p>\n\n\n\n<p><a href=\"mailto:jeperalta@plazajuarez.mx\/historico\/historico\">jeperalta@plazajuarez.mx\/historico\/historico<\/a><\/p>\n\n\n\n<p>@JavierEPeralta<\/p>\n","protected":false},"excerpt":{"rendered":"<p>A dos a\u00f1os: \u00bfTodav\u00eda hay espacio para la esperanza?<\/p>\n","protected":false},"author":10,"featured_media":0,"comment_status":"closed","ping_status":"open","sticky":false,"template":"","format":"standard","meta":{"footnotes":""},"categories":[49,42],"tags":[],"class_list":["post-142791","post","type-post","status-publish","format-standard","hentry","category-javier-peralta","category-nuestrapalabra"],"_links":{"self":[{"href":"https:\/\/plazajuarez.mx\/historico\/wp-json\/wp\/v2\/posts\/142791","targetHints":{"allow":["GET"]}}],"collection":[{"href":"https:\/\/plazajuarez.mx\/historico\/wp-json\/wp\/v2\/posts"}],"about":[{"href":"https:\/\/plazajuarez.mx\/historico\/wp-json\/wp\/v2\/types\/post"}],"author":[{"embeddable":true,"href":"https:\/\/plazajuarez.mx\/historico\/wp-json\/wp\/v2\/users\/10"}],"replies":[{"embeddable":true,"href":"https:\/\/plazajuarez.mx\/historico\/wp-json\/wp\/v2\/comments?post=142791"}],"version-history":[{"count":0,"href":"https:\/\/plazajuarez.mx\/historico\/wp-json\/wp\/v2\/posts\/142791\/revisions"}],"wp:attachment":[{"href":"https:\/\/plazajuarez.mx\/historico\/wp-json\/wp\/v2\/media?parent=142791"}],"wp:term":[{"taxonomy":"category","embeddable":true,"href":"https:\/\/plazajuarez.mx\/historico\/wp-json\/wp\/v2\/categories?post=142791"},{"taxonomy":"post_tag","embeddable":true,"href":"https:\/\/plazajuarez.mx\/historico\/wp-json\/wp\/v2\/tags?post=142791"}],"curies":[{"name":"wp","href":"https:\/\/api.w.org\/{rel}","templated":true}]}}