{"id":142658,"date":"2020-12-01T07:01:24","date_gmt":"2020-12-01T13:01:24","guid":{"rendered":"https:\/\/plazajuarez.mx\/?p=142658"},"modified":"2020-12-01T07:01:37","modified_gmt":"2020-12-01T13:01:37","slug":"alfil-negro-1971","status":"publish","type":"post","link":"https:\/\/plazajuarez.mx\/historico\/alfil-negro-1971\/","title":{"rendered":"ALFIL NEGRO"},"content":{"rendered":"\n<h2 class=\"wp-block-heading\"><strong>EL BAL\u00d3N, EN LA CANCHA DE LA SALA TOLUCA\u00a0<\/strong><\/h2>\n\n\n\n<p>Una vez que el Tribunal Electoral del estado determin\u00f3 que haya elecciones extraordinarias en 4 municipios: Tulancingo, Huejutla, Ixmiquilpan y Acaxochitl\u00e1n, le tocar\u00e1 al Tribunal Federal Electoral Sala Toluca decidir lo conveniente, porque la decisi\u00f3n del organismo local buscar\u00e1 ser revertida por los que se sientan afectados y que recurren a esta instancia federal.<\/p>\n\n\n\n<p>Por lo menos uno de los aspirantes, que es Dami\u00e1n Sosa, ya hab\u00eda anunciado su intenci\u00f3n de acudir a Sala Toluca para exigir que lo declaren ganador de acuerdo con su punto de vista.<\/p>\n\n\n\n<p>Jorge M\u00e1rquez, el candidato del PRI, a trav\u00e9s de un comunicado, se\u00f1al\u00f3 que seguir\u00e1 defendiendo la voluntad expresada en las urnas, y convoc\u00f3 a sus seguidores conducirse con prudencia, y concordia, sin polarizaciones ni divisiones y siempre en unidad.<\/p>\n\n\n\n<p>En Ixmiquilpan mientras tanto, como es el estilo de esta regi\u00f3n, los simpatizantes de Vicente Charrez tomaron la presidencia municipal e iniciaron lo que llamaron \u201cla defensa de la elecci\u00f3n\u201d, y se lanzaron contra el Tribunal, otra vez como son los estilos de esta regi\u00f3n.<\/p>\n\n\n\n<p>Por su parte, Mar\u00eda Luisa Oviedo Quezada, Presidenta del TEEH, dijo que este tipo de acciones no cambian para nada la determinaci\u00f3n del Tribunal y que en todo caso tienen la opci\u00f3n de la Sala Toluca para mantenerse en la ruta de la legalidad.<\/p>\n\n\n\n<p>Daniel Andrade Zurutuza, el ex presidente electo de Huejutla por el PESH junto con Sharon Montiel, Presidenta de este partido, han manifestado su decisi\u00f3n de llevar el caso a Sala Toluca.<\/p>\n\n\n\n<p>Estos casos se suman a otros en que buscan que el organismo federal decida lo conducente.<\/p>\n\n\n\n<p>Lo que s\u00ed qued\u00f3 claro, es el trabajo del TEEH en donde sus magistrados: Mar\u00eda Luisa Oviedo, Manuel Alberto Cruz Mart\u00ednez y M\u00f3nica Patricia Mixtega Trejo, tuvieron un muy buen trabajo.<\/p>\n\n\n\n<p>Hist\u00f3ricamente las determinaciones del Tribunal Electoral del estado han sido ratificadas en alto porcentaje, pero en todo caso hay que esperar lo que decidan en Sala Toluca.<\/p>\n\n\n\n<p><strong>La moneda est\u00e1 en el aire y unos quieren que caiga sol y otros \u00e1guila. Ya veremos.<\/strong><\/p>\n","protected":false},"excerpt":{"rendered":"<p>EL BAL\u00d3N, EN LA CANCHA DE LA SALA TOLUCA\u00a0 Una vez que el Tribunal Electoral del estado determin\u00f3 que haya elecciones extraordinarias en 4 municipios: Tulancingo, Huejutla, Ixmiquilpan y Acaxochitl\u00e1n, le tocar\u00e1 al Tribunal Federal Electoral Sala Toluca decidir lo conveniente, porque la decisi\u00f3n del organismo local buscar\u00e1 ser revertida por los que se sientan [&hellip;]<\/p>\n","protected":false},"author":83,"featured_media":0,"comment_status":"closed","ping_status":"open","sticky":false,"template":"","format":"standard","meta":{"footnotes":""},"categories":[48,42],"tags":[],"class_list":["post-142658","post","type-post","status-publish","format-standard","hentry","category-adalberto-peralta","category-nuestrapalabra"],"_links":{"self":[{"href":"https:\/\/plazajuarez.mx\/historico\/wp-json\/wp\/v2\/posts\/142658","targetHints":{"allow":["GET"]}}],"collection":[{"href":"https:\/\/plazajuarez.mx\/historico\/wp-json\/wp\/v2\/posts"}],"about":[{"href":"https:\/\/plazajuarez.mx\/historico\/wp-json\/wp\/v2\/types\/post"}],"author":[{"embeddable":true,"href":"https:\/\/plazajuarez.mx\/historico\/wp-json\/wp\/v2\/users\/83"}],"replies":[{"embeddable":true,"href":"https:\/\/plazajuarez.mx\/historico\/wp-json\/wp\/v2\/comments?post=142658"}],"version-history":[{"count":0,"href":"https:\/\/plazajuarez.mx\/historico\/wp-json\/wp\/v2\/posts\/142658\/revisions"}],"wp:attachment":[{"href":"https:\/\/plazajuarez.mx\/historico\/wp-json\/wp\/v2\/media?parent=142658"}],"wp:term":[{"taxonomy":"category","embeddable":true,"href":"https:\/\/plazajuarez.mx\/historico\/wp-json\/wp\/v2\/categories?post=142658"},{"taxonomy":"post_tag","embeddable":true,"href":"https:\/\/plazajuarez.mx\/historico\/wp-json\/wp\/v2\/tags?post=142658"}],"curies":[{"name":"wp","href":"https:\/\/api.w.org\/{rel}","templated":true}]}}