{"id":142656,"date":"2020-12-01T06:59:43","date_gmt":"2020-12-01T12:59:43","guid":{"rendered":"https:\/\/plazajuarez.mx\/?p=142656"},"modified":"2020-12-01T06:59:57","modified_gmt":"2020-12-01T12:59:57","slug":"laguna-de-voces-685","status":"publish","type":"post","link":"https:\/\/plazajuarez.mx\/historico\/laguna-de-voces-685\/","title":{"rendered":"LAGUNA DE VOCES"},"content":{"rendered":"\n<h2 class=\"wp-block-heading\"><strong>Hoy es diciembre<\/strong><\/h2>\n\n\n\n<p>El primer minuto del mes de diciembre abri\u00f3 la ventana, se le entumi\u00f3 la cara, pero hab\u00eda prometido que este a\u00f1o y no otro, mostrar\u00eda a sus hijos, nieta y cada una de las personas que amaba, el por qu\u00e9 no ten\u00eda recuerdo m\u00e1s valioso de su infancia que la Navidad y todos los d\u00edas que anticipan la profunda certeza de que se hab\u00eda hecho inmortal, luego que descubri\u00f3 que todo aquello hab\u00eda sido realidad y no un sue\u00f1o inventado para no mirar la desgracia.<\/p>\n\n\n\n<p>A los seis a\u00f1os resulta f\u00e1cil fabricar fantasmas, cielos con verdaderas estrellas donde viajan los Reyes Magos que son tres. Achacan los especialistas de la mente a la necesidad de protegerse del dolor, porque de otro modo es imposible seguir en la vida.<\/p>\n\n\n\n<p>Se crece, llega la juventud y entonces todo se atiene a la realidad donde existen l\u00edmites bien marcados entre lo que es razonable y lo que debe preocupar porque raya en la locura. De tal modo que dejamos de creer en Melchor, Gaspar y Baltazar; anticipamos que los muertos simplemente desaparecen, y que si alguna vez los miramos es porque en el cerebro se conjugaron mal los ingredientes qu\u00edmicos, que al final somos simplemente reacciones de elementos que nos forman.<\/p>\n\n\n\n<p>Lo que antes resultaba una prueba absoluta de que la vida es algo m\u00e1s que nacer, crecer, reproducirse y morir, de pronto dej\u00f3 de interesarnos, porque nos construimos a partir de pruebas, de comprobaciones de todo lo que nos aventur\u00e1ramos a imaginar.<\/p>\n\n\n\n<p>Entrados en a\u00f1os clamamos a los cielos por los recuerdos de la infancia, donde ten\u00eda cabida permanente la ingeniosa magia de los que sue\u00f1an.<\/p>\n\n\n\n<p>Y luego se acaba el tiempo con vanos intentos por reconstruir paso a paso, con exageraciones milim\u00e9tricas, el escenario donde descubrimos la raz\u00f3n de nuestra despreocupaci\u00f3n ante la muerte y todo lo que implicaba. Es decir que en un momento exacto cuando ni\u00f1os, nos dimos cuenta de algo que luego olvidamos, pero que nos daba una paz tan cierta, tan definitiva, que entonces result\u00f3 ser tarea eterna buscarla sin saber a ciencia cierta lo que era.<\/p>\n\n\n\n<p>Yo creo que es el mes de diciembre, cuando menos la temporada, cuando es posible rescatar ese recuerdo tan esencial, tan otorgado por alguna entidad divina. Pero de lo dem\u00e1s nada, llevo a\u00f1os y a\u00f1os a la espera de que se aparezca de la nada.<\/p>\n\n\n\n<p>Casi siempre el fracaso en esa tarea lleva a la tristeza, a la desesperaci\u00f3n, a la amarga seguridad de que a lo mejor todo fue un sue\u00f1o.<\/p>\n\n\n\n<p>Pero soy necio en creer que no fue as\u00ed, que existi\u00f3 ese momento \u00fanico en que a m\u00ed como a todos, me fue conferida la explicaci\u00f3n, la luz, lo que sea, que hizo me olvidara de la amarga sensaci\u00f3n de que la vida es un absurdo.<\/p>\n\n\n\n<p>Y responsabilizo de esa posibilidad a la Navidad, al mes de diciembre, a los \u00faltimos d\u00edas del a\u00f1o.<\/p>\n\n\n\n<p>As\u00ed que hoy empezar\u00e9 con renovada certidumbre la tarea de estar listo, indagar en el fr\u00edo y las noches que llenan de luces la posibilidad antigua, heredada a cada ni\u00f1o y ni\u00f1a, de redescubrir ese gusto antiguo y salido del coraz\u00f3n por estas fechas.<\/p>\n\n\n\n<p>Y si es posible lograrlo, compartirlo ser\u00e1 un deber. En los otros que miran con esperanza y profunda fe la magia de la existencia humana.<\/p>\n\n\n\n<p>S\u00e9 que a muchos no les gusta ni simpatiza tanta alharaca por d\u00edas que a su juicio son iguales.<\/p>\n\n\n\n<p>Sin embargo, en una de esas, encontrar de nuevo la raz\u00f3n de todo cunde como viruela, y ser\u00e1 posible caminar contagiados por la ilusi\u00f3n, la pura ilusi\u00f3n. Adem\u00e1s que este nuevo virus podr\u00eda sustituir y dejar en el olvido al que ha disfrutado tanto matar a gente buena que, es cierto, ya no cargar\u00e1 a los peregrinos.<\/p>\n\n\n\n<p><strong>Mil gracias, hasta ma\u00f1ana.<\/strong><\/p>\n\n\n\n<p><a href=\"mailto:jeperalta@plazajuarez.mx\/historico\/historico\">jeperalta@plazajuarez.mx\/historico\/historico<\/a><\/p>\n\n\n\n<p>twitter: @JavierEPeralta<\/p>\n","protected":false},"excerpt":{"rendered":"<p>Hoy es diciembre El primer minuto del mes de diciembre abri\u00f3 la ventana, se le entumi\u00f3 la cara, pero hab\u00eda prometido que este a\u00f1o y no otro, mostrar\u00eda a sus hijos, nieta y cada una de las personas que amaba, el por qu\u00e9 no ten\u00eda recuerdo m\u00e1s valioso de su infancia que la Navidad y [&hellip;]<\/p>\n","protected":false},"author":10,"featured_media":0,"comment_status":"closed","ping_status":"open","sticky":false,"template":"","format":"standard","meta":{"footnotes":""},"categories":[49,42],"tags":[],"class_list":["post-142656","post","type-post","status-publish","format-standard","hentry","category-javier-peralta","category-nuestrapalabra"],"_links":{"self":[{"href":"https:\/\/plazajuarez.mx\/historico\/wp-json\/wp\/v2\/posts\/142656","targetHints":{"allow":["GET"]}}],"collection":[{"href":"https:\/\/plazajuarez.mx\/historico\/wp-json\/wp\/v2\/posts"}],"about":[{"href":"https:\/\/plazajuarez.mx\/historico\/wp-json\/wp\/v2\/types\/post"}],"author":[{"embeddable":true,"href":"https:\/\/plazajuarez.mx\/historico\/wp-json\/wp\/v2\/users\/10"}],"replies":[{"embeddable":true,"href":"https:\/\/plazajuarez.mx\/historico\/wp-json\/wp\/v2\/comments?post=142656"}],"version-history":[{"count":0,"href":"https:\/\/plazajuarez.mx\/historico\/wp-json\/wp\/v2\/posts\/142656\/revisions"}],"wp:attachment":[{"href":"https:\/\/plazajuarez.mx\/historico\/wp-json\/wp\/v2\/media?parent=142656"}],"wp:term":[{"taxonomy":"category","embeddable":true,"href":"https:\/\/plazajuarez.mx\/historico\/wp-json\/wp\/v2\/categories?post=142656"},{"taxonomy":"post_tag","embeddable":true,"href":"https:\/\/plazajuarez.mx\/historico\/wp-json\/wp\/v2\/tags?post=142656"}],"curies":[{"name":"wp","href":"https:\/\/api.w.org\/{rel}","templated":true}]}}