{"id":142645,"date":"2020-11-30T21:41:55","date_gmt":"2020-12-01T03:41:55","guid":{"rendered":"https:\/\/plazajuarez.mx\/?p=142645"},"modified":"2020-11-30T21:42:10","modified_gmt":"2020-12-01T03:42:10","slug":"mexico-suma-105940-muertes-por-covid-y-un-millon-113-mil-contagios","status":"publish","type":"post","link":"https:\/\/plazajuarez.mx\/historico\/mexico-suma-105940-muertes-por-covid-y-un-millon-113-mil-contagios\/","title":{"rendered":"M\u00e9xico suma 105,940 muertes por Covid y un mill\u00f3n 113 mil contagios"},"content":{"rendered":"\n<p>M\u00e9xico suma en el corte de este 30 de noviembre 105 mil 940 muertes por Covid-19, con un mill\u00f3n 113 mil casos de contagios confirmados de coronavirus, seg\u00fan informan autoridades de la Secretar\u00eda de Salud (Ssa).<\/p>\n\n\n\n<p>Jos\u00e9 Luis Alom\u00eda, director general de Epidemiolog\u00eda, detall\u00f3 en conferencia de prensa desde Palacio Nacional que hay m\u00e1s de un mill\u00f3n 356 mil personas negativas.<\/p>\n\n\n\n<p>Respecto a la advertencia de la Organizaci\u00f3n Mundial de la Salud (OMS) sobre que M\u00e9xico debe tomarse muy en serio la pandemia, Hugo L\u00f3pez-Gatell, subsecretario de Prevenci\u00f3n y Promoci\u00f3n de la Salud, respondi\u00f3 que la OMS &#8220;no me lo dice a m\u00ed&#8221; y que &#8220;no debo responderle nada al doctor Tedros&#8221;.<\/p>\n\n\n\n<p>Al afirmar que los medios locales han cambiado el sentido de las palabras del director de la OMS, L\u00f3pez-Gatell matiz\u00f3 que en realidad es una advertencia para todo el mundo y que efectivamente hay que tomarse en serio el Covid-19 y evitar la realizaci\u00f3n de festejos y congregaciones en el pa\u00eds.<\/p>\n\n\n\n<p>&#8220;La sociedad debe reaccionar ante esto. El doctor Tedros no es que me lo diga a m\u00ed, al secretario de Salud o al presidente. Si quisiera hacerlo, quiz\u00e1 habr\u00eda mandado un comunicado diplom\u00e1tico, si fuera ese el caso. Hay que tom\u00e1rselo en serio, no es momento de hacer bodas ni festejos, ni empezar a tener congregaciones&#8221;, dijo.<\/p>\n\n\n\n<p>Este lunes, Tedros Adhanom Ghebreyesus, jefe de la OMS, subray\u00f3 que el pa\u00eds est\u00e1 &#8220;en mala situaci\u00f3n frente a la epidemia de Covid-19, que vio duplicar el n\u00famero de casos y muertes entre mediados y finales de noviembre&#8221;.<\/p>\n","protected":false},"excerpt":{"rendered":"<p>M\u00e9xico suma en el corte de este 30 de noviembre 105 mil 940 muertes por Covid-19, con un mill\u00f3n 113 mil casos de contagios confirmados de coronavirus, seg\u00fan informan autoridades de la Secretar\u00eda de Salud (Ssa). Jos\u00e9 Luis Alom\u00eda, director general de Epidemiolog\u00eda, detall\u00f3 en conferencia de prensa desde Palacio Nacional que hay m\u00e1s de [&hellip;]<\/p>\n","protected":false},"author":81,"featured_media":141904,"comment_status":"closed","ping_status":"open","sticky":false,"template":"","format":"standard","meta":{"footnotes":""},"categories":[15,36],"tags":[],"class_list":["post-142645","post","type-post","status-publish","format-standard","has-post-thumbnail","hentry","category-destacadas","category-nacion"],"_links":{"self":[{"href":"https:\/\/plazajuarez.mx\/historico\/wp-json\/wp\/v2\/posts\/142645","targetHints":{"allow":["GET"]}}],"collection":[{"href":"https:\/\/plazajuarez.mx\/historico\/wp-json\/wp\/v2\/posts"}],"about":[{"href":"https:\/\/plazajuarez.mx\/historico\/wp-json\/wp\/v2\/types\/post"}],"author":[{"embeddable":true,"href":"https:\/\/plazajuarez.mx\/historico\/wp-json\/wp\/v2\/users\/81"}],"replies":[{"embeddable":true,"href":"https:\/\/plazajuarez.mx\/historico\/wp-json\/wp\/v2\/comments?post=142645"}],"version-history":[{"count":0,"href":"https:\/\/plazajuarez.mx\/historico\/wp-json\/wp\/v2\/posts\/142645\/revisions"}],"wp:featuredmedia":[{"embeddable":true,"href":"https:\/\/plazajuarez.mx\/historico\/wp-json\/wp\/v2\/media\/141904"}],"wp:attachment":[{"href":"https:\/\/plazajuarez.mx\/historico\/wp-json\/wp\/v2\/media?parent=142645"}],"wp:term":[{"taxonomy":"category","embeddable":true,"href":"https:\/\/plazajuarez.mx\/historico\/wp-json\/wp\/v2\/categories?post=142645"},{"taxonomy":"post_tag","embeddable":true,"href":"https:\/\/plazajuarez.mx\/historico\/wp-json\/wp\/v2\/tags?post=142645"}],"curies":[{"name":"wp","href":"https:\/\/api.w.org\/{rel}","templated":true}]}}