{"id":142626,"date":"2020-11-30T13:26:29","date_gmt":"2020-11-30T19:26:29","guid":{"rendered":"https:\/\/plazajuarez.mx\/?p=142626"},"modified":"2020-11-30T13:26:46","modified_gmt":"2020-11-30T19:26:46","slug":"aumenta-en-mexico-la-demanda-de-medicamentos-para-casos-vinculados-a-la-covid","status":"publish","type":"post","link":"https:\/\/plazajuarez.mx\/historico\/aumenta-en-mexico-la-demanda-de-medicamentos-para-casos-vinculados-a-la-covid\/","title":{"rendered":"Aumenta en M\u00e9xico la demanda de medicamentos para casos vinculados a la covid"},"content":{"rendered":"\n<p>La demanda de medicamentos para la atenci\u00f3n o prevenci\u00f3n de la covid-19 ha aumentado un 30 % en las \u00faltimas tres semanas en M\u00e9xico, anunci\u00f3 este lunes el presidente de la Uni\u00f3n Nacional de Empresarios de Farmacias (UNEFARM), Juvenal Becerra Orozco.<\/p>\n\n\n\n<p>Dicho comportamiento se registra principalmente en la zona centro del pa\u00eds, y espec\u00edficamente en la regi\u00f3n oriente del Valle de M\u00e9xico donde ha crecido la solicitud de medicamentos como Paracetamol, Oseltamivir, Azitromicina, Enoxaparina, as\u00ed como de insumos de higiene como cubrebocas, gel antibacterial, alcohol y toallitas sanitizantes.<\/p>\n\n\n\n<p>Hasta el domingo se han registrado 105.655 muertes y 1.107.071 contagios de covid-19, al sumar 196 nuevos decesos y 6.388 casos en la \u00faltima jornada contabilizada por el Gobierno mexicano.<\/p>\n\n\n\n<p>Juvenal Becerra detall\u00f3 que la poblaci\u00f3n debe seguir las instrucciones de las autoridades sanitarias para prevenir y a acudir al m\u00e9dico en caso de alg\u00fan s\u00edntoma.<\/p>\n\n\n\n<p>Igualmente, los insumos y medicamentos deben ser adquiridos en sitios establecidos para garantizar su efectividad y que sean totalmente certificados.<\/p>\n\n\n\n<p>Becerra reconoci\u00f3 que durante la pandemia se increment\u00f3 la compra venta de medicamentos de dudoso origen a trav\u00e9s de diversos grupos en redes sociales, por lo que alert\u00f3 a la poblaci\u00f3n, dado que puede tratarse de medicinas que han recibido un almacenamiento inadecuado o podr\u00eda tratarse de medicinas irregulares que ponen en riesgo la salud.<\/p>\n\n\n\n<p>&#8220;En esta pandemia hemos fortalecido una red de integraci\u00f3n entre los diferentes eslabones de la industria farmac\u00e9utica. Como parte de ello tenemos el proyecto Torre de la Salud, en donde en coordinaci\u00f3n con laboratorios como Loeffler, Allen, Gremar, Genomma, Prudence, KTBH By DMED, entre otros, garantizamos el abasto de medicamentos totalmente certificados para nuestras farmacias&#8221;, indic\u00f3.<\/p>\n\n\n\n<p>Becerra se\u00f1al\u00f3 que el desaf\u00edo para lo que resta de este a\u00f1o y de cara a 2021 es continuar promoviendo la aplicaci\u00f3n de medidas preventivas para evitar que se den nuevos cierres de actividades fundamentales para la econom\u00eda nacional, por lo que el exhorto es a portar y usar adecuadamente el cubrebocas y fortalecer las acciones de sana distancia.<\/p>\n","protected":false},"excerpt":{"rendered":"<p>La demanda de medicamentos para la atenci\u00f3n o prevenci\u00f3n de la covid-19 ha aumentado un 30 % en las \u00faltimas tres semanas en M\u00e9xico, anunci\u00f3 este lunes el presidente de la Uni\u00f3n Nacional de Empresarios de Farmacias (UNEFARM), Juvenal Becerra Orozco. Dicho comportamiento se registra principalmente en la zona centro del pa\u00eds, y espec\u00edficamente en [&hellip;]<\/p>\n","protected":false},"author":80,"featured_media":142627,"comment_status":"closed","ping_status":"open","sticky":false,"template":"","format":"standard","meta":{"footnotes":""},"categories":[15,36],"tags":[],"class_list":["post-142626","post","type-post","status-publish","format-standard","has-post-thumbnail","hentry","category-destacadas","category-nacion"],"_links":{"self":[{"href":"https:\/\/plazajuarez.mx\/historico\/wp-json\/wp\/v2\/posts\/142626","targetHints":{"allow":["GET"]}}],"collection":[{"href":"https:\/\/plazajuarez.mx\/historico\/wp-json\/wp\/v2\/posts"}],"about":[{"href":"https:\/\/plazajuarez.mx\/historico\/wp-json\/wp\/v2\/types\/post"}],"author":[{"embeddable":true,"href":"https:\/\/plazajuarez.mx\/historico\/wp-json\/wp\/v2\/users\/80"}],"replies":[{"embeddable":true,"href":"https:\/\/plazajuarez.mx\/historico\/wp-json\/wp\/v2\/comments?post=142626"}],"version-history":[{"count":0,"href":"https:\/\/plazajuarez.mx\/historico\/wp-json\/wp\/v2\/posts\/142626\/revisions"}],"wp:featuredmedia":[{"embeddable":true,"href":"https:\/\/plazajuarez.mx\/historico\/wp-json\/wp\/v2\/media\/142627"}],"wp:attachment":[{"href":"https:\/\/plazajuarez.mx\/historico\/wp-json\/wp\/v2\/media?parent=142626"}],"wp:term":[{"taxonomy":"category","embeddable":true,"href":"https:\/\/plazajuarez.mx\/historico\/wp-json\/wp\/v2\/categories?post=142626"},{"taxonomy":"post_tag","embeddable":true,"href":"https:\/\/plazajuarez.mx\/historico\/wp-json\/wp\/v2\/tags?post=142626"}],"curies":[{"name":"wp","href":"https:\/\/api.w.org\/{rel}","templated":true}]}}