{"id":142614,"date":"2020-11-30T10:37:20","date_gmt":"2020-11-30T16:37:20","guid":{"rendered":"https:\/\/plazajuarez.mx\/?p=142614"},"modified":"2020-11-30T10:37:38","modified_gmt":"2020-11-30T16:37:38","slug":"impulsa-concejo-municipal-de-tula-capacitacion-a-elementos-de-proteccion-civil","status":"publish","type":"post","link":"https:\/\/plazajuarez.mx\/historico\/impulsa-concejo-municipal-de-tula-capacitacion-a-elementos-de-proteccion-civil\/","title":{"rendered":"Impulsa Concejo Municipal de Tula capacitaci\u00f3n a elementos de Protecci\u00f3n Civil"},"content":{"rendered":"\n<p>Para fortalecer el conocimiento del manejo y atenci\u00f3n de la emergencias qu\u00edmicas en el municipio, elementos de la direcci\u00f3n de Protecci\u00f3n Civil y Bomberos de Tula, recibieron dos capacitaciones en el la materia.<\/p>\n\n\n\n<p>Con el apoyo de la presidenta del Concejo Municipal Interino de Tula, Ver\u00f3nica Monroy Elizalde, y luego de la invitaci\u00f3n del gobernador Omar Fayad Meneses, a trav\u00e9s del gobierno del estado por parte de la Subsecretar\u00eda de Protecci\u00f3n Civil, los bomberos participaron en la secuencia de cursos.<\/p>\n\n\n\n<p>Uno de los cursos llevado a cabo en la ciudad de Tula, sobre la \u201cIdentificaci\u00f3n de materiales peligrosos e intervenci\u00f3n en rescates de incidentes con materiales peligrosos\u201d.<br>La otra capacitaci\u00f3n fue en el municipio de Tizayuca, donde los elementos pudieron desarrollar con pr\u00e1ctica en campo, \u201cla respuesta a emergencias ocasionadas por materiales peligrosos\u201d.<\/p>\n\n\n\n<p>A trav\u00e9s de la asistencia y participaci\u00f3n a las capacitaciones mencionadas, los bomberos que acudieron a bordo de la unidad 3047 con la presencia del director Jes\u00fas Vera Guerrero y \u00c1ngel Ag\u00fcero Garrido, se comparte el conocimiento, se pone en pr\u00e1ctica entre el cuerpo de bomberos y se fortalece el manejo ante este tipo de emergencias que pudieran presentarse.<\/p>\n\n\n\n<p>Con el apoyo de la presidenta del Concejo Municipal Interino de Tula, Ver\u00f3nica Monroy Elizalde, y luego de la invitaci\u00f3n del gobernador Omar Fayad Meneses, a trav\u00e9s del gobierno del estado por parte de la Subsecretar\u00eda de Protecci\u00f3n Civil, los bomberos participaron en la secuencia de cursos.<\/p>\n\n\n\n<p>Uno de los cursos llevado a cabo en la ciudad de Tula, sobre la \u201cIdentificaci\u00f3n de materiales peligrosos e intervenci\u00f3n en rescates de incidentes con materiales peligrosos\u201d.<br>La otra capacitaci\u00f3n fue en el municipio de Tizayuca, donde los elementos pudieron desarrollar con pr\u00e1ctica en campo, \u201cla respuesta a emergencias ocasionadas por materiales peligrosos\u201d.<\/p>\n\n\n\n<p>A trav\u00e9s de la asistencia y participaci\u00f3n a las capacitaciones mencionadas, los bomberos que acudieron a bordo de la unidad 3047 con la presencia del director Jes\u00fas Vera Guerrero y \u00c1ngel Ag\u00fcero Garrido, se comparte el conocimiento, se pone en pr\u00e1ctica entre el cuerpo de bomberos y se fortalece el manejo ante este tipo de emergencias que pudieran presentarse.<\/p>\n\n\n\n<p><\/p>\n","protected":false},"excerpt":{"rendered":"<p>Para fortalecer el conocimiento del manejo y atenci\u00f3n de la emergencias qu\u00edmicas en el municipio, elementos de la direcci\u00f3n de Protecci\u00f3n Civil y Bomberos de Tula, recibieron dos capacitaciones en el la materia. Con el apoyo de la presidenta del Concejo Municipal Interino de Tula, Ver\u00f3nica Monroy Elizalde, y luego de la invitaci\u00f3n del gobernador [&hellip;]<\/p>\n","protected":false},"author":93,"featured_media":142615,"comment_status":"closed","ping_status":"open","sticky":false,"template":"","format":"standard","meta":{"footnotes":""},"categories":[40],"tags":[],"class_list":["post-142614","post","type-post","status-publish","format-standard","has-post-thumbnail","hentry","category-region"],"_links":{"self":[{"href":"https:\/\/plazajuarez.mx\/historico\/wp-json\/wp\/v2\/posts\/142614","targetHints":{"allow":["GET"]}}],"collection":[{"href":"https:\/\/plazajuarez.mx\/historico\/wp-json\/wp\/v2\/posts"}],"about":[{"href":"https:\/\/plazajuarez.mx\/historico\/wp-json\/wp\/v2\/types\/post"}],"author":[{"embeddable":true,"href":"https:\/\/plazajuarez.mx\/historico\/wp-json\/wp\/v2\/users\/93"}],"replies":[{"embeddable":true,"href":"https:\/\/plazajuarez.mx\/historico\/wp-json\/wp\/v2\/comments?post=142614"}],"version-history":[{"count":0,"href":"https:\/\/plazajuarez.mx\/historico\/wp-json\/wp\/v2\/posts\/142614\/revisions"}],"wp:featuredmedia":[{"embeddable":true,"href":"https:\/\/plazajuarez.mx\/historico\/wp-json\/wp\/v2\/media\/142615"}],"wp:attachment":[{"href":"https:\/\/plazajuarez.mx\/historico\/wp-json\/wp\/v2\/media?parent=142614"}],"wp:term":[{"taxonomy":"category","embeddable":true,"href":"https:\/\/plazajuarez.mx\/historico\/wp-json\/wp\/v2\/categories?post=142614"},{"taxonomy":"post_tag","embeddable":true,"href":"https:\/\/plazajuarez.mx\/historico\/wp-json\/wp\/v2\/tags?post=142614"}],"curies":[{"name":"wp","href":"https:\/\/api.w.org\/{rel}","templated":true}]}}