{"id":142606,"date":"2020-11-30T10:07:41","date_gmt":"2020-11-30T16:07:41","guid":{"rendered":"https:\/\/plazajuarez.mx\/?p=142606"},"modified":"2020-11-30T10:07:55","modified_gmt":"2020-11-30T16:07:55","slug":"los-10-momentos-que-sellan-el-segundo-ano-del-gobierno-de-lopez-obrador","status":"publish","type":"post","link":"https:\/\/plazajuarez.mx\/historico\/los-10-momentos-que-sellan-el-segundo-ano-del-gobierno-de-lopez-obrador\/","title":{"rendered":"Los 10 momentos que sellan el segundo a\u00f1o del Gobierno de L\u00f3pez Obrador"},"content":{"rendered":"\n<p>El presidente Andr\u00e9s Manuel L\u00f3pez Obrador cumple este martes dos a\u00f1os frente al Gobierno mexicano, una gesti\u00f3n marcada por la hist\u00f3rica crisis sanitaria y econ\u00f3mica de la pandemia, pero tambi\u00e9n por controversias propias.<\/p>\n\n\n\n<p>Estos son los 10 momentos que han sellado el segundo a\u00f1o de la presidencia de L\u00f3pez Obrador.<\/p>\n\n\n\n<p><strong>1) LA PANDEMIA<\/strong><\/p>\n\n\n\n<p>Con casi 1.100.000 casos y 110.000 muertes, M\u00e9xico es el cuarto pa\u00eds con m\u00e1s fallecidos por covid-19, pero al inicio de la pandemia L\u00f3pez Obrador minimiz\u00f3 el riesgo del nuevo coronavirus.<\/p>\n\n\n\n<p>&#8220;Yo les voy a decir cu\u00e1ndo no salgan, pero si pueden hacerlo y tienen posibilidad econ\u00f3mica, pues sigan llevando a la familia a comer a los restaurantes, a las fondas&#8221;, expres\u00f3 en un video desde Oaxaca el 22 de marzo, casi un mes despu\u00e9s del primer caso confirmado en M\u00e9xico.<\/p>\n\n\n\n<p><strong>2) LA CRISIS ECON\u00d3MICA<\/strong><\/p>\n\n\n\n<p>Tras una contracci\u00f3n de 0,3 % en 2019, M\u00e9xico ahora acumula una ca\u00edda de 9,6 % en lo que va de 2020, pero el mandatario ha insistido en que la crisis &#8220;es transitoria&#8221; con una r\u00e1pida recuperaci\u00f3n.<\/p>\n\n\n\n<p>&#8220;Vamos a salir fortalecidos, o sea, que nos vino esto como anillo al dedo para afianzar el prop\u00f3sito de la transformaci\u00f3n&#8221;, declar\u00f3 el 2 de abril.<\/p>\n\n\n\n<p><strong>3) EL VIAJE A EE.UU.<\/strong><\/p>\n\n\n\n<p>L\u00f3pez Obrador realiz\u00f3 su primer y \u00fanico viaje al extranjero como presidente el 8 de julio, cuando visit\u00f3 en la Casa Blanca a Donald Trump, a quien halag\u00f3 por tratar a M\u00e9xico &#8220;siempre con gentileza y respeto&#8221;.<\/p>\n\n\n\n<p>&#8220;Usted no nos ha tratado como colonia&#8221;, expres\u00f3 en una rueda de prensa conjunta con Trump.<\/p>\n\n\n\n<p><strong>4) LA POL\u00c9MICA CON BIDEN<\/strong><\/p>\n\n\n\n<p>La pol\u00e9mica se intensific\u00f3 cuando el 7 de noviembre, d\u00edas despu\u00e9s de las elecciones de Estados Unidos, L\u00f3pez Obrador se neg\u00f3 a reconocer la victoria del dem\u00f3crata Joe Biden al citar el presunto fraude que \u00e9l mismo padeci\u00f3 en 2006, una postura que a\u00fan mantiene y solo comparte con Rusia y Corea del Norte.<\/p>\n\n\n\n<p>&#8220;Nosotros padecimos mucho de las cargadas, de cuando nos robaron una de las veces la presidencia, y todav\u00eda no se terminaban de contar los votos y ya algunos Gobiernos extranjeros estaban reconociendo a los que se declararon ganadores, eso fue lo que pas\u00f3 en el 2006&#8221;, declar\u00f3.<\/p>\n\n\n\n<p><strong>5) EL CASO CIENFUEGOS<\/strong><\/p>\n\n\n\n<p>La relaci\u00f3n con Washington levant\u00f3 m\u00e1s dudas el 17 de noviembre cuando el Departamento de Justicia de Estados Unidos anunci\u00f3 que retirar\u00eda los cargos de Salvador Cienfuegos, exjefe del Ej\u00e9rcito mexicano (2012-2018), detenido por narcotr\u00e1fico en Los \u00c1ngeles el 15 de octubre.<\/p>\n\n\n\n<p>&#8220;No hay nada oculto, nosotros actuamos a partir de principios y lo que se hizo en este caso fue intervenir en materia pol\u00edtica, diplom\u00e1tica, para expresar nuestra inconformidad&#8221;, asever\u00f3 L\u00f3pez Obrador al d\u00eda siguiente.<\/p>\n\n\n\n<p><strong>6) LOZOYA, PEMEX Y ODEBRECHT<\/strong><\/p>\n\n\n\n<p>El mandatario tambi\u00e9n ha explotado la investigaci\u00f3n de Emilio Lozoya, exdirector de Petr\u00f3leos Mexicanos (Pemex), que el 17 de julio lleg\u00f3 extraditado desde Espa\u00f1a como el primer mexicano implicado en el caso de los sobornos de Odebrecht.<\/p>\n\n\n\n<p>&#8220;Me interesa saber, enterarme, como a todos los ciudadanos, quiero saber todo lo que va a declarar el se\u00f1or Lozoya&#8221;, expres\u00f3 ese d\u00eda.<\/p>\n\n\n\n<p><strong>7 ) EL HERMANO INC\u00d3MODO<\/strong><\/p>\n\n\n\n<p>D\u00edas despu\u00e9s de exhibir im\u00e1genes del caso de Odebrecht donde aparec\u00edan pol\u00edticos de oposici\u00f3n, se filtr\u00f3 un video de P\u00edo L\u00f3pez Obrador, en el que el hermano del presidente recibe paquetes de dinero de un funcionario de Chiapas en 2015.<\/p>\n\n\n\n<p>&#8220;Son aportaciones para fortalecer el movimiento en momentos en que la gente era la que apoyaba&#8221;, afirm\u00f3 el mandatario al d\u00eda siguiente.<\/p>\n\n\n\n<p><strong>8 ) LA MAM\u00c1 DEL CHAPO<\/strong><\/p>\n\n\n\n<p>Otro video inc\u00f3modo para el gobernante surgi\u00f3 el 29 de marzo, cuando salud\u00f3 a Mar\u00eda Consuelo Loera, la madre de Joaqu\u00edn &#8220;el Chapo&#8221; Guzm\u00e1n, en una gira en Sinaloa, donde ella le entreg\u00f3 una carta.<\/p>\n\n\n\n<p>&#8220;S\u00ed, la salud\u00e9. Hicieron tambi\u00e9n un esc\u00e1ndalo nuestros adversarios, los conservadores&#8221;, reconoci\u00f3 el mandatario.<\/p>\n\n\n\n<p><strong>9 ) LA RIFA DEL AVI\u00d3N PRESIDENCIAL<\/strong><\/p>\n\n\n\n<p>L\u00f3pez Obrador rif\u00f3 el 15 de septiembre el avi\u00f3n presidencial en un sorteo simb\u00f3lico de la Loter\u00eda Nacional, que entreg\u00f3 100 premios de 20 millones de pesos cada uno (casi 1 mill\u00f3n de d\u00f3lares).<\/p>\n\n\n\n<p>Aun as\u00ed, tras la venta de casi 6 millones de &#8220;cachitos&#8221; el presidente no ha concretado la venta del avi\u00f3n, un Boeing 787 valorado por la ONU en 130 millones de d\u00f3lares.<\/p>\n\n\n\n<p><strong>10 ) SU DEBUT EN LA ONU<\/strong><\/p>\n\n\n\n<p>El mandatario presumi\u00f3 el sorteo del avi\u00f3n y su &#8220;cuarta transformaci\u00f3n&#8221; de M\u00e9xico en su primer discurso ante la Asamblea General de las Naciones Unidas, que celebr\u00f3 su aniversario 75 el pasado 22 de septiembre.<\/p>\n\n\n\n<p>&#8220;Les comento que hab\u00eda un avi\u00f3n presidencial, existe todav\u00eda pero est\u00e1 en venta, ya lo rifamos y todav\u00eda vamos a venderlo, este avi\u00f3n es como un palacio en los cielos, algo insultante para nuestro pueblo&#8221;, declar\u00f3 en video.<\/p>\n","protected":false},"excerpt":{"rendered":"<p>El presidente Andr\u00e9s Manuel L\u00f3pez Obrador cumple este martes dos a\u00f1os frente al Gobierno mexicano, una gesti\u00f3n marcada por la hist\u00f3rica crisis sanitaria y econ\u00f3mica de la pandemia, pero tambi\u00e9n por controversias propias. Estos son los 10 momentos que han sellado el segundo a\u00f1o de la presidencia de L\u00f3pez Obrador. 1) LA PANDEMIA Con casi [&hellip;]<\/p>\n","protected":false},"author":80,"featured_media":142607,"comment_status":"closed","ping_status":"open","sticky":false,"template":"","format":"standard","meta":{"footnotes":""},"categories":[15,36],"tags":[],"class_list":["post-142606","post","type-post","status-publish","format-standard","has-post-thumbnail","hentry","category-destacadas","category-nacion"],"_links":{"self":[{"href":"https:\/\/plazajuarez.mx\/historico\/wp-json\/wp\/v2\/posts\/142606","targetHints":{"allow":["GET"]}}],"collection":[{"href":"https:\/\/plazajuarez.mx\/historico\/wp-json\/wp\/v2\/posts"}],"about":[{"href":"https:\/\/plazajuarez.mx\/historico\/wp-json\/wp\/v2\/types\/post"}],"author":[{"embeddable":true,"href":"https:\/\/plazajuarez.mx\/historico\/wp-json\/wp\/v2\/users\/80"}],"replies":[{"embeddable":true,"href":"https:\/\/plazajuarez.mx\/historico\/wp-json\/wp\/v2\/comments?post=142606"}],"version-history":[{"count":0,"href":"https:\/\/plazajuarez.mx\/historico\/wp-json\/wp\/v2\/posts\/142606\/revisions"}],"wp:featuredmedia":[{"embeddable":true,"href":"https:\/\/plazajuarez.mx\/historico\/wp-json\/wp\/v2\/media\/142607"}],"wp:attachment":[{"href":"https:\/\/plazajuarez.mx\/historico\/wp-json\/wp\/v2\/media?parent=142606"}],"wp:term":[{"taxonomy":"category","embeddable":true,"href":"https:\/\/plazajuarez.mx\/historico\/wp-json\/wp\/v2\/categories?post=142606"},{"taxonomy":"post_tag","embeddable":true,"href":"https:\/\/plazajuarez.mx\/historico\/wp-json\/wp\/v2\/tags?post=142606"}],"curies":[{"name":"wp","href":"https:\/\/api.w.org\/{rel}","templated":true}]}}