{"id":142596,"date":"2020-11-30T09:38:31","date_gmt":"2020-11-30T15:38:31","guid":{"rendered":"https:\/\/plazajuarez.mx\/?p=142596"},"modified":"2020-11-30T09:38:43","modified_gmt":"2020-11-30T15:38:43","slug":"proceso-de-entrega-recepcion-del-municipio-de-ixmiquilpan-se-realizara-ante-la-aseh","status":"publish","type":"post","link":"https:\/\/plazajuarez.mx\/historico\/proceso-de-entrega-recepcion-del-municipio-de-ixmiquilpan-se-realizara-ante-la-aseh\/","title":{"rendered":"Proceso de entrega &#8211; recepci\u00f3n del municipio de Ixmiquilpan se realizar\u00e1 ante la ASEH"},"content":{"rendered":"\n<p><strong>Ixmiquilpan<\/strong><\/p>\n\n\n\n<p>Los trabajos de entrega-recepci\u00f3n, continuar\u00e1n pero ante la Auditor\u00eda Superior del Estado de Hidalgo (ASEH), inform\u00f3 el presidente del Concejo de Administraci\u00f3n de Ixmiquilpan, Enrique Sim\u00f3n.<\/p>\n\n\n\n<p>Tras la anulaci\u00f3n de los resultados de las elecciones del pasado 18 de octubre, sostuvo que el trabajo contin\u00faa para la entrega de la administraci\u00f3n, pero se har\u00e1 ante la ASEH.<\/p>\n\n\n\n<p>De este modo, anunci\u00f3 que se suspenden los trabajos que se ten\u00edan con el equipo de transici\u00f3n con el del ex candidato, Vicente Charrez Pedraza.<\/p>\n","protected":false},"excerpt":{"rendered":"<p>Ixmiquilpan Los trabajos de entrega-recepci\u00f3n, continuar\u00e1n pero ante la Auditor\u00eda Superior del Estado de Hidalgo (ASEH), inform\u00f3 el presidente del Concejo de Administraci\u00f3n de Ixmiquilpan, Enrique Sim\u00f3n. Tras la anulaci\u00f3n de los resultados de las elecciones del pasado 18 de octubre, sostuvo que el trabajo contin\u00faa para la entrega de la administraci\u00f3n, pero se har\u00e1 [&hellip;]<\/p>\n","protected":false},"author":75,"featured_media":0,"comment_status":"closed","ping_status":"open","sticky":false,"template":"","format":"standard","meta":{"footnotes":""},"categories":[15,40],"tags":[],"class_list":["post-142596","post","type-post","status-publish","format-standard","hentry","category-destacadas","category-region"],"_links":{"self":[{"href":"https:\/\/plazajuarez.mx\/historico\/wp-json\/wp\/v2\/posts\/142596","targetHints":{"allow":["GET"]}}],"collection":[{"href":"https:\/\/plazajuarez.mx\/historico\/wp-json\/wp\/v2\/posts"}],"about":[{"href":"https:\/\/plazajuarez.mx\/historico\/wp-json\/wp\/v2\/types\/post"}],"author":[{"embeddable":true,"href":"https:\/\/plazajuarez.mx\/historico\/wp-json\/wp\/v2\/users\/75"}],"replies":[{"embeddable":true,"href":"https:\/\/plazajuarez.mx\/historico\/wp-json\/wp\/v2\/comments?post=142596"}],"version-history":[{"count":0,"href":"https:\/\/plazajuarez.mx\/historico\/wp-json\/wp\/v2\/posts\/142596\/revisions"}],"wp:attachment":[{"href":"https:\/\/plazajuarez.mx\/historico\/wp-json\/wp\/v2\/media?parent=142596"}],"wp:term":[{"taxonomy":"category","embeddable":true,"href":"https:\/\/plazajuarez.mx\/historico\/wp-json\/wp\/v2\/categories?post=142596"},{"taxonomy":"post_tag","embeddable":true,"href":"https:\/\/plazajuarez.mx\/historico\/wp-json\/wp\/v2\/tags?post=142596"}],"curies":[{"name":"wp","href":"https:\/\/api.w.org\/{rel}","templated":true}]}}