{"id":142577,"date":"2020-11-30T09:38:30","date_gmt":"2020-11-30T15:38:30","guid":{"rendered":"https:\/\/plazajuarez.mx\/?p=142577"},"modified":"2020-11-30T09:38:48","modified_gmt":"2020-11-30T15:38:48","slug":"nueva-york-da-marcha-atras-y-reabrira-las-escuelas-de-primaria","status":"publish","type":"post","link":"https:\/\/plazajuarez.mx\/historico\/nueva-york-da-marcha-atras-y-reabrira-las-escuelas-de-primaria\/","title":{"rendered":"Nueva York da marcha atr\u00e1s y reabrir\u00e1 las escuelas de primaria"},"content":{"rendered":"\n<p>(EFE).- La ciudad de Nueva York, que hace menos de dos semanas cerr\u00f3 sus escuelas p\u00fablicas ante el aumento de casos de coronavirus, anunci\u00f3 este domingo que va a reabrir los centros de primaria a partir del 7 de diciembre.<\/p>\n\n\n\n<p>Tras recibir duras cr\u00edticas por enviar a los alumnos a casa mientras se manten\u00edan abiertos comercios o restaurantes, el Ayuntamiento neoyorquino ha dado marcha atr\u00e1s y ha presentado un nuevo plan para que la ense\u00f1anza pueda volver a parte de los colegios.<\/p>\n\n\n\n<p>A partir del 7 de diciembre, podr\u00e1n regresar a las clases presenciales los alumnos de entre preescolar y quinto curso de primaria, mientras que los de cursos superiores continuar\u00e1n con las lecciones remotas.<\/p>\n\n\n\n<p>Tambi\u00e9n volver\u00e1n a las escuelas a partir del 10 de diciembre los ni\u00f1os con discapacidades severas, seg\u00fan anunci\u00f3 en una conferencia de prensa el alcalde, Bill de Blasio.<\/p>\n\n\n\n<p>Nueva York hab\u00eda fijado durante el verano un estricto criterio, que preve\u00eda el cierre de los centros p\u00fablicos y el paso de todos los alumnos a programas remotos si la tasa de pruebas positivas en el conjunto de la ciudad alcanzaba el 3 por ciento, una cifra menor que la decidida para el resto del estado.<\/p>\n\n\n\n<p>As\u00ed, cuando los casos de coronavirus comenzaron a repuntar este mes, clausur\u00f3 las escuelas, a pesar de que el n\u00famero de positivos en los centros educativos era muy reducido.<\/p>\n\n\n\n<p>De Blasio asegur\u00f3 este domingo que se sinti\u00f3 \u201cmuy mal por los ni\u00f1os y padres\u201d, pero que el Ayuntamiento consideraba que ten\u00eda que cumplir con sus compromisos, unas medidas que hab\u00eda negociado durante mucho tiempo con los sindicatos de maestros despu\u00e9s de que \u00e9stos amenazasen con hacer huelga.<\/p>\n\n\n\n<p>El plan de reapertura requerir\u00e1 que los estudiantes que vuelvan a las aulas se sometan semanalmente a pruebas de la covid-19 y, a diferencia de lo que ocurr\u00eda hasta ahora, permitir\u00e1 que los ni\u00f1os vayan al colegio cinco d\u00edas a la semana.<\/p>\n","protected":false},"excerpt":{"rendered":"<p>(EFE).- La ciudad de Nueva York, que hace menos de dos semanas cerr\u00f3 sus escuelas p\u00fablicas ante el aumento de casos de coronavirus, anunci\u00f3 este domingo que va a reabrir los centros de primaria a partir del 7 de diciembre. Tras recibir duras cr\u00edticas por enviar a los alumnos a casa mientras se manten\u00edan abiertos [&hellip;]<\/p>\n","protected":false},"author":80,"featured_media":142589,"comment_status":"closed","ping_status":"open","sticky":false,"template":"","format":"standard","meta":{"footnotes":""},"categories":[31],"tags":[],"class_list":["post-142577","post","type-post","status-publish","format-standard","has-post-thumbnail","hentry","category-orbe"],"_links":{"self":[{"href":"https:\/\/plazajuarez.mx\/historico\/wp-json\/wp\/v2\/posts\/142577","targetHints":{"allow":["GET"]}}],"collection":[{"href":"https:\/\/plazajuarez.mx\/historico\/wp-json\/wp\/v2\/posts"}],"about":[{"href":"https:\/\/plazajuarez.mx\/historico\/wp-json\/wp\/v2\/types\/post"}],"author":[{"embeddable":true,"href":"https:\/\/plazajuarez.mx\/historico\/wp-json\/wp\/v2\/users\/80"}],"replies":[{"embeddable":true,"href":"https:\/\/plazajuarez.mx\/historico\/wp-json\/wp\/v2\/comments?post=142577"}],"version-history":[{"count":0,"href":"https:\/\/plazajuarez.mx\/historico\/wp-json\/wp\/v2\/posts\/142577\/revisions"}],"wp:featuredmedia":[{"embeddable":true,"href":"https:\/\/plazajuarez.mx\/historico\/wp-json\/wp\/v2\/media\/142589"}],"wp:attachment":[{"href":"https:\/\/plazajuarez.mx\/historico\/wp-json\/wp\/v2\/media?parent=142577"}],"wp:term":[{"taxonomy":"category","embeddable":true,"href":"https:\/\/plazajuarez.mx\/historico\/wp-json\/wp\/v2\/categories?post=142577"},{"taxonomy":"post_tag","embeddable":true,"href":"https:\/\/plazajuarez.mx\/historico\/wp-json\/wp\/v2\/tags?post=142577"}],"curies":[{"name":"wp","href":"https:\/\/api.w.org\/{rel}","templated":true}]}}