{"id":142572,"date":"2020-11-30T09:33:41","date_gmt":"2020-11-30T15:33:41","guid":{"rendered":"https:\/\/plazajuarez.mx\/?p=142572"},"modified":"2020-11-30T09:33:57","modified_gmt":"2020-11-30T15:33:57","slug":"rina-entre-internos-del-penal-varonil-de-cieneguillas-deja-a-7-heridos","status":"publish","type":"post","link":"https:\/\/plazajuarez.mx\/historico\/rina-entre-internos-del-penal-varonil-de-cieneguillas-deja-a-7-heridos\/","title":{"rendered":"Ri\u00f1a entre internos del  penal varonil de Cieneguillas deja a 7 heridos"},"content":{"rendered":"\n<p>La Secretar\u00eda de Seguridad P\u00fablica confirm\u00f3 que este s\u00e1bado se registr\u00f3 una ri\u00f1a entre internos del penal varonil de Cieneguillas del m\u00f3dulo 1 y 2, cuyo enfrentamiento dej\u00f3 un saldo de siete lesionados, ninguno de gravedad.<\/p>\n\n\n\n<p>Arturo L\u00f3pez Baz\u00e1n, secretario de Seguridad P\u00fablica, precis\u00f3 que las lesiones fueron producidas con grava del pasillo y rocas que se encontraban en el \u00e1rea com\u00fan, por lo que al presentar golpes mejor conocidas como &#8220;descalabradas&#8221;, por ende, todos fueron atendidos en el \u00e1rea m\u00e9dica interna, en donde se determin\u00f3 que sus lesiones no son consideradas de gravedad.<\/p>\n\n\n\n<p>Explic\u00f3 que la tarde-noche de ayer s\u00e1bado, elementos de la Polic\u00eda Penitenciaria, Polic\u00eda Estatal y Metropol, activaron de inmediato los protocolos de contenci\u00f3n y una vez que la situaci\u00f3n fue controlada, los internos fueron ingresados a sus \u00e1reas del Centro Regional de Reinserci\u00f3n Social (Cerereso) de Cieneguillas.<\/p>\n\n\n\n<p>Con el objetivo de lograr dispersar la ri\u00f1a y evitar que se hicieran da\u00f1o los presos, se realizaron detonaciones con balas de salva, logrando en pocos minutos, restablecer el orden y as\u00ed evitar que m\u00e1s personas quisieran aglomerarse o intervenir en el conflicto.<\/p>\n\n\n\n<p>Por tanto, las autoridades informan que se tiene bajo control la situaci\u00f3n de este centro penitenciario.<\/p>\n","protected":false},"excerpt":{"rendered":"<p>La Secretar\u00eda de Seguridad P\u00fablica confirm\u00f3 que este s\u00e1bado se registr\u00f3 una ri\u00f1a entre internos del penal varonil de Cieneguillas del m\u00f3dulo 1 y 2, cuyo enfrentamiento dej\u00f3 un saldo de siete lesionados, ninguno de gravedad. Arturo L\u00f3pez Baz\u00e1n, secretario de Seguridad P\u00fablica, precis\u00f3 que las lesiones fueron producidas con grava del pasillo y rocas [&hellip;]<\/p>\n","protected":false},"author":81,"featured_media":0,"comment_status":"closed","ping_status":"open","sticky":false,"template":"","format":"standard","meta":{"footnotes":""},"categories":[37],"tags":[],"class_list":["post-142572","post","type-post","status-publish","format-standard","hentry","category-barandilla"],"_links":{"self":[{"href":"https:\/\/plazajuarez.mx\/historico\/wp-json\/wp\/v2\/posts\/142572","targetHints":{"allow":["GET"]}}],"collection":[{"href":"https:\/\/plazajuarez.mx\/historico\/wp-json\/wp\/v2\/posts"}],"about":[{"href":"https:\/\/plazajuarez.mx\/historico\/wp-json\/wp\/v2\/types\/post"}],"author":[{"embeddable":true,"href":"https:\/\/plazajuarez.mx\/historico\/wp-json\/wp\/v2\/users\/81"}],"replies":[{"embeddable":true,"href":"https:\/\/plazajuarez.mx\/historico\/wp-json\/wp\/v2\/comments?post=142572"}],"version-history":[{"count":0,"href":"https:\/\/plazajuarez.mx\/historico\/wp-json\/wp\/v2\/posts\/142572\/revisions"}],"wp:attachment":[{"href":"https:\/\/plazajuarez.mx\/historico\/wp-json\/wp\/v2\/media?parent=142572"}],"wp:term":[{"taxonomy":"category","embeddable":true,"href":"https:\/\/plazajuarez.mx\/historico\/wp-json\/wp\/v2\/categories?post=142572"},{"taxonomy":"post_tag","embeddable":true,"href":"https:\/\/plazajuarez.mx\/historico\/wp-json\/wp\/v2\/tags?post=142572"}],"curies":[{"name":"wp","href":"https:\/\/api.w.org\/{rel}","templated":true}]}}