{"id":142389,"date":"2020-11-28T06:00:09","date_gmt":"2020-11-28T12:00:09","guid":{"rendered":"https:\/\/plazajuarez.mx\/?p=142389"},"modified":"2020-11-27T22:52:48","modified_gmt":"2020-11-28T04:52:48","slug":"fotoreportaje-rumbo-a-la-nueva-normalidad","status":"publish","type":"post","link":"https:\/\/plazajuarez.mx\/historico\/fotoreportaje-rumbo-a-la-nueva-normalidad\/","title":{"rendered":"FOTOREPORTAJE | Rumbo a la \u201cNueva Normalidad\u201d"},"content":{"rendered":"\n<p>Los comerciantes de diferentes \u00e1mbitos&nbsp; se vieron afectados con la aparici\u00f3n de la Covid-19, ya que tuvieron que cerrar sus negocios para tratar de evitar la propagaci\u00f3n del virus, por al menos un mes.&nbsp;<\/p>\n\n\n\n<p>Con el regreso a la <em>Nueva Normalidad<\/em>, este sector comenz\u00f3 nuevamente a ofrecer sus productos,&nbsp; implementando las medidas de sanidad correspondientes, adem\u00e1s de innovar la manera de atender en sus puestos.&nbsp;<\/p>\n\n\n\n<figure class=\"wp-block-image size-large\"><img loading=\"lazy\" decoding=\"async\" width=\"1280\" height=\"950\" src=\"https:\/\/plazajuarez.mx\/historico\/historico\/wp-content\/uploads\/2020\/11\/Foto-1-3.jpeg\" alt=\"\" class=\"wp-image-142376\" srcset=\"https:\/\/plazajuarez.mx\/historico\/wp-content\/uploads\/2020\/11\/Foto-1-3.jpeg 1280w, https:\/\/plazajuarez.mx\/historico\/wp-content\/uploads\/2020\/11\/Foto-1-3-768x570.jpeg 768w\" sizes=\"auto, (max-width: 1280px) 100vw, 1280px\" \/><figcaption>Los comerciantes han tratado de volver a vender sus productos con las medidas de sanidad necesarias.<\/figcaption><\/figure>\n\n\n\n<figure class=\"wp-block-image size-large\"><img loading=\"lazy\" decoding=\"async\" width=\"1280\" height=\"909\" src=\"https:\/\/plazajuarez.mx\/historico\/historico\/wp-content\/uploads\/2020\/11\/Foto-2-1.jpg\" alt=\"\" class=\"wp-image-142377\" srcset=\"https:\/\/plazajuarez.mx\/historico\/wp-content\/uploads\/2020\/11\/Foto-2-1.jpg 1280w, https:\/\/plazajuarez.mx\/historico\/wp-content\/uploads\/2020\/11\/Foto-2-1-768x545.jpg 768w\" sizes=\"auto, (max-width: 1280px) 100vw, 1280px\" \/><figcaption>Con ingenio, muchos comerciantes han \u201cadaptado\u201d sus negocios para protegerse y proteger los productos, en este caso los alimentos, que ofrecen\u00a0 al p\u00fablico.<\/figcaption><\/figure>\n\n\n\n<figure class=\"wp-block-image size-large\"><img loading=\"lazy\" decoding=\"async\" width=\"1280\" height=\"960\" src=\"https:\/\/plazajuarez.mx\/historico\/historico\/wp-content\/uploads\/2020\/11\/Foto-3.jpg\" alt=\"\" class=\"wp-image-142378\" srcset=\"https:\/\/plazajuarez.mx\/historico\/wp-content\/uploads\/2020\/11\/Foto-3.jpg 1280w, https:\/\/plazajuarez.mx\/historico\/wp-content\/uploads\/2020\/11\/Foto-3-768x576.jpg 768w\" sizes=\"auto, (max-width: 1280px) 100vw, 1280px\" \/><figcaption>Pese a que han intentado abrir de manera normal, las ventas no se han recuperado por completo, lo que antes vend\u00edan, se redujo a un 30 por ciento.<\/figcaption><\/figure>\n\n\n\n<figure class=\"wp-block-image size-large\"><img loading=\"lazy\" decoding=\"async\" width=\"1280\" height=\"960\" src=\"https:\/\/plazajuarez.mx\/historico\/historico\/wp-content\/uploads\/2020\/11\/Foto-4.jpg\" alt=\"\" class=\"wp-image-142379\" srcset=\"https:\/\/plazajuarez.mx\/historico\/wp-content\/uploads\/2020\/11\/Foto-4.jpg 1280w, https:\/\/plazajuarez.mx\/historico\/wp-content\/uploads\/2020\/11\/Foto-4-768x576.jpg 768w\" sizes=\"auto, (max-width: 1280px) 100vw, 1280px\" \/><figcaption>Con gel antibacterial y un cristal de frente, los comerciantes ofrecen sus productos en las calles de Pachuca.<\/figcaption><\/figure>\n\n\n\n<figure class=\"wp-block-image size-large\"><img loading=\"lazy\" decoding=\"async\" width=\"1280\" height=\"960\" src=\"https:\/\/plazajuarez.mx\/historico\/historico\/wp-content\/uploads\/2020\/11\/Foto-6.jpg\" alt=\"\" class=\"wp-image-142381\" srcset=\"https:\/\/plazajuarez.mx\/historico\/wp-content\/uploads\/2020\/11\/Foto-6.jpg 1280w, https:\/\/plazajuarez.mx\/historico\/wp-content\/uploads\/2020\/11\/Foto-6-768x576.jpg 768w\" sizes=\"auto, (max-width: 1280px) 100vw, 1280px\" \/><figcaption>Algunos comerciantes optaron por reactivar sus ventas poni\u00e9ndose en un establecimiento cerrado, para as\u00ed ofrecer mayor confianza de compra al p\u00fablico.\u00a0<\/figcaption><\/figure>\n\n\n\n<p><\/p>\n","protected":false},"excerpt":{"rendered":"<p>Los comerciantes de diferentes \u00e1mbitos&nbsp; se vieron afectados con la aparici\u00f3n de la Covid-19, ya que tuvieron que cerrar sus negocios para tratar de evitar la propagaci\u00f3n del virus, por al menos un mes.&nbsp; Con el regreso a la Nueva Normalidad, este sector comenz\u00f3 nuevamente a ofrecer sus productos,&nbsp; implementando las medidas de sanidad correspondientes, [&hellip;]<\/p>\n","protected":false},"author":102,"featured_media":142382,"comment_status":"closed","ping_status":"open","sticky":false,"template":"","format":"standard","meta":{"footnotes":""},"categories":[15,59],"tags":[],"class_list":["post-142389","post","type-post","status-publish","format-standard","has-post-thumbnail","hentry","category-destacadas","category-general"],"_links":{"self":[{"href":"https:\/\/plazajuarez.mx\/historico\/wp-json\/wp\/v2\/posts\/142389","targetHints":{"allow":["GET"]}}],"collection":[{"href":"https:\/\/plazajuarez.mx\/historico\/wp-json\/wp\/v2\/posts"}],"about":[{"href":"https:\/\/plazajuarez.mx\/historico\/wp-json\/wp\/v2\/types\/post"}],"author":[{"embeddable":true,"href":"https:\/\/plazajuarez.mx\/historico\/wp-json\/wp\/v2\/users\/102"}],"replies":[{"embeddable":true,"href":"https:\/\/plazajuarez.mx\/historico\/wp-json\/wp\/v2\/comments?post=142389"}],"version-history":[{"count":0,"href":"https:\/\/plazajuarez.mx\/historico\/wp-json\/wp\/v2\/posts\/142389\/revisions"}],"wp:featuredmedia":[{"embeddable":true,"href":"https:\/\/plazajuarez.mx\/historico\/wp-json\/wp\/v2\/media\/142382"}],"wp:attachment":[{"href":"https:\/\/plazajuarez.mx\/historico\/wp-json\/wp\/v2\/media?parent=142389"}],"wp:term":[{"taxonomy":"category","embeddable":true,"href":"https:\/\/plazajuarez.mx\/historico\/wp-json\/wp\/v2\/categories?post=142389"},{"taxonomy":"post_tag","embeddable":true,"href":"https:\/\/plazajuarez.mx\/historico\/wp-json\/wp\/v2\/tags?post=142389"}],"curies":[{"name":"wp","href":"https:\/\/api.w.org\/{rel}","templated":true}]}}