{"id":14224,"date":"2015-12-03T12:05:58","date_gmt":"2015-12-03T12:05:58","guid":{"rendered":"http:\/\/plazajuarez.mx\/index\/index.php\/2015\/12\/03\/convulsiones\/"},"modified":"2015-12-03T12:05:58","modified_gmt":"2015-12-03T12:05:58","slug":"convulsiones","status":"publish","type":"post","link":"https:\/\/plazajuarez.mx\/historico\/convulsiones\/","title":{"rendered":"Convulsiones"},"content":{"rendered":"<p>AN\u00c1LISIS<\/p>\n<p><em>Pe\u00f1a, al cumplir tres a\u00f1os de gobierno, celebra sin apuntar propuestas reales para atacar los problemas fundamentales acuciantes.\u00a0<\/em><em><\/p>\n<p> <\/em><\/p>\n<p>  <!--more-->  <\/p>\n<p> Pe\u00f1a Nieto, en la semana de la radio-televisi\u00f3n expres\u00f3 lastimoso: \u201ca veces las sociedades no logran valorar en suficiencia el cambio que nuestro pa\u00eds ha experimentado, quiz\u00e1 porque parte de esa sociedad no le ha tocado ver, ni ha vivido de cerca otros momentos de mayor convulsi\u00f3n pol\u00edtica, social, o econ\u00f3mica; cuando eso no ha ocurrido, lejos est\u00e1n de saber apreciar, valorar y reconocer c\u00f3mo M\u00e9xico ha cambiado de forma positiva; aunque en el exterior reconocen los cambios que hemos experimentado en los \u00faltimos 30 a\u00f1os\u201d.\u00a0<\/p>\n<p>Esta interpretaci\u00f3n de Pe\u00f1a de que la sociedad por no haber vivido de cerca convulsiones mayores no puede apreciar el cambio que \u00e9l considera haber impulsado durante su gobierno se refiere, obviamente, al rechazo a sus pol\u00edticas, que se manifiesta en las calles; en los m\u00e1s diversos foros; en las encuestas que colocan a Pe\u00f1a como el presidente peor calificado de las \u00faltimas d\u00e9cadas; hasta en medios de comunicaci\u00f3n nacionales que le han sido afines se expresan cr\u00edticas; adem\u00e1s de las revistas norteamericanas que representan intereses de ese pa\u00eds, asociados a sus proyectos, que le calificaron en su arranque como \u201cSalvador de M\u00e9xico\u201d, hoy le llaman \u201cel Salvador que no fue\u201d.\u00a0<\/p>\n<p>Aun cuando parte de la sociedad no haya conocido \u201cmayores convulsiones\u201d, como afirma Pe\u00f1a, la sociedad entera est\u00e1 viviendo las actuales. \u00bfQu\u00e9 mayores convulsiones pueden ser las que se viven hoy?: violencia generalizada, miles de desaparecidos; corrupci\u00f3n irrefrenable en todos los estratos de gobierno, desde el m\u00e1s alto nivel, impune; ocupaci\u00f3n del pa\u00eds por nuestro propio Ej\u00e9rcito, acusado por organismos internacionales de violaci\u00f3n flagrante de derechos humanos, Estado de sitio de facto, Estado policiaco-militar que crece; pobreza incrementada en m\u00e1s de dos millones m\u00e1s durante su gobierno; la poblaci\u00f3n joven sin expectativas de vida, desempleada, cercada por el crimen; educaci\u00f3n p\u00fablica en el abandono; acumulaci\u00f3n soez de la riqueza en pocas manos, profundizaci\u00f3n de la desigualdad; endeudamiento irresponsable; gasto social a la baja; demolici\u00f3n de las dos grandes empresas energ\u00e9ticas, otrora sustento de la soberan\u00eda; construcci\u00f3n deliberada de una profunda dependencia econ\u00f3mica y pol\u00edtica de Estados Unidos; dominio ilimitado del capital financiero, que se apodera de todo lo creado en nuestra historia.\u00a0<\/p>\n<p>Pe\u00f1a se duele de \u201cuna parte\u201d de nuestra sociedad \u201cque no aprecia que M\u00e9xico ha cambiado en forma positiva\u201d. \u00bfQu\u00e9 cambio positivo puede apreciar toda nuestra \u201csociedad\u201d, si vive cotidianamente esta tragedia mexicana?, tragedia que se proyecta al futuro, sin esperanza. Pe\u00f1a, al cumplir tres a\u00f1os de gobierno, celebra sin apuntar propuestas reales para atacar los problemas fundamentales acuciantes, presenta logros intranscendentes, paliativos, la continuidad. \u00bfQu\u00e9 le impide reconocer que esa pol\u00edtica rechazada por la opini\u00f3n p\u00fablica, debe cambiar?, \u00bfdivorcio de la sociedad mexicana?, ante la descalificaci\u00f3n, responde con la continuidad; \u00bfes \u00e9l quien no entiende, y no la sociedad a la que descalifica?; \u00bflos intereses que representa le atan al grado de la inmovilidad? M\u00e9xico no podr\u00e1 resistir tres a\u00f1os m\u00e1s de profundizaci\u00f3n de la tragedia nacional, la descomposici\u00f3n social se propaga.\u00a0<\/p>\n<p>Urge rectificar, los sectores sociales, pol\u00edticos y econ\u00f3micos del pa\u00eds que sostienen esa pol\u00edtica fallida, resultar\u00e1n c\u00f3mplices autistas de nuestro desastre; sin reaccionar, contribuir\u00e1n a su propia destrucci\u00f3n. Los gobernadores deben asumir su responsabilidad constitucional y no seguir en esa Conago aquiescente, acr\u00edtica, en contra de sus propias poblaciones; el Congreso debe asumir, por salud de la Rep\u00fablica, su funci\u00f3n de contrapeso, y dejar de aprobar sin discusi\u00f3n la legislaci\u00f3n que ha venido sustentando el desastre; y, por todos los medios posibles, superar la dictadura medi\u00e1tica que desinforma para que los mexicanos cobren conciencia de la amenaza que se cierne sobre sus cabezas.\u00a0<\/p>\n<p>\u00a0<\/p>\n<p><strong>EL UNIVERSAL<\/strong><\/p>\n","protected":false},"excerpt":{"rendered":"<p>AN\u00c1LISIS Pe\u00f1a, al cumplir tres a\u00f1os de gobierno, celebra sin apuntar propuestas reales para atacar los problemas fundamentales acuciantes.\u00a0<\/p>\n","protected":false},"author":93,"featured_media":0,"comment_status":"open","ping_status":"open","sticky":false,"template":"","format":"standard","meta":{"footnotes":""},"categories":[42],"tags":[],"class_list":["post-14224","post","type-post","status-publish","format-standard","hentry","category-nuestrapalabra"],"_links":{"self":[{"href":"https:\/\/plazajuarez.mx\/historico\/wp-json\/wp\/v2\/posts\/14224","targetHints":{"allow":["GET"]}}],"collection":[{"href":"https:\/\/plazajuarez.mx\/historico\/wp-json\/wp\/v2\/posts"}],"about":[{"href":"https:\/\/plazajuarez.mx\/historico\/wp-json\/wp\/v2\/types\/post"}],"author":[{"embeddable":true,"href":"https:\/\/plazajuarez.mx\/historico\/wp-json\/wp\/v2\/users\/93"}],"replies":[{"embeddable":true,"href":"https:\/\/plazajuarez.mx\/historico\/wp-json\/wp\/v2\/comments?post=14224"}],"version-history":[{"count":0,"href":"https:\/\/plazajuarez.mx\/historico\/wp-json\/wp\/v2\/posts\/14224\/revisions"}],"wp:attachment":[{"href":"https:\/\/plazajuarez.mx\/historico\/wp-json\/wp\/v2\/media?parent=14224"}],"wp:term":[{"taxonomy":"category","embeddable":true,"href":"https:\/\/plazajuarez.mx\/historico\/wp-json\/wp\/v2\/categories?post=14224"},{"taxonomy":"post_tag","embeddable":true,"href":"https:\/\/plazajuarez.mx\/historico\/wp-json\/wp\/v2\/tags?post=14224"}],"curies":[{"name":"wp","href":"https:\/\/api.w.org\/{rel}","templated":true}]}}