{"id":141903,"date":"2020-11-24T21:32:50","date_gmt":"2020-11-25T03:32:50","guid":{"rendered":"https:\/\/plazajuarez.mx\/?p=141903"},"modified":"2020-11-24T21:36:52","modified_gmt":"2020-11-25T03:36:52","slug":"mexico-suma-102739-muertes-y-un-millon-60-mil-casos-de-covid","status":"publish","type":"post","link":"https:\/\/plazajuarez.mx\/historico\/mexico-suma-102739-muertes-y-un-millon-60-mil-casos-de-covid\/","title":{"rendered":"M\u00e9xico suma 102,739 muertes y un mill\u00f3n 60 mil casos de Covid"},"content":{"rendered":"\n<p>M\u00e9xico acumul\u00f3, al corte de este 24 de noviembre, 102,739 muertes por Covid-19, con un mill\u00f3n 60 mil 152 casos de contagios confirmados de coronavirus, seg\u00fan informaron autoridades de la\u00a0Secretar\u00eda de Salud.<\/p>\n\n\n\n<p>Jos\u00e9 Luis Alom\u00eda, director general de Epidemiolog\u00eda, detall\u00f3 en conferencia de prensa desde Palacio Nacional que hay\u00a0un mill\u00f3n 283 mil casos negativos acumulados en el pa\u00eds.<\/p>\n","protected":false},"excerpt":{"rendered":"<p>M\u00e9xico acumul\u00f3, al corte de este 24 de noviembre, 102,739 muertes por Covid-19, con un mill\u00f3n 60 mil 152 casos de contagios confirmados de coronavirus, seg\u00fan informaron autoridades de la\u00a0Secretar\u00eda de Salud. Jos\u00e9 Luis Alom\u00eda, director general de Epidemiolog\u00eda, detall\u00f3 en conferencia de prensa desde Palacio Nacional que hay\u00a0un mill\u00f3n 283 mil casos negativos acumulados [&hellip;]<\/p>\n","protected":false},"author":81,"featured_media":141904,"comment_status":"closed","ping_status":"open","sticky":false,"template":"","format":"standard","meta":{"footnotes":""},"categories":[15,36],"tags":[],"class_list":["post-141903","post","type-post","status-publish","format-standard","has-post-thumbnail","hentry","category-destacadas","category-nacion"],"_links":{"self":[{"href":"https:\/\/plazajuarez.mx\/historico\/wp-json\/wp\/v2\/posts\/141903","targetHints":{"allow":["GET"]}}],"collection":[{"href":"https:\/\/plazajuarez.mx\/historico\/wp-json\/wp\/v2\/posts"}],"about":[{"href":"https:\/\/plazajuarez.mx\/historico\/wp-json\/wp\/v2\/types\/post"}],"author":[{"embeddable":true,"href":"https:\/\/plazajuarez.mx\/historico\/wp-json\/wp\/v2\/users\/81"}],"replies":[{"embeddable":true,"href":"https:\/\/plazajuarez.mx\/historico\/wp-json\/wp\/v2\/comments?post=141903"}],"version-history":[{"count":0,"href":"https:\/\/plazajuarez.mx\/historico\/wp-json\/wp\/v2\/posts\/141903\/revisions"}],"wp:featuredmedia":[{"embeddable":true,"href":"https:\/\/plazajuarez.mx\/historico\/wp-json\/wp\/v2\/media\/141904"}],"wp:attachment":[{"href":"https:\/\/plazajuarez.mx\/historico\/wp-json\/wp\/v2\/media?parent=141903"}],"wp:term":[{"taxonomy":"category","embeddable":true,"href":"https:\/\/plazajuarez.mx\/historico\/wp-json\/wp\/v2\/categories?post=141903"},{"taxonomy":"post_tag","embeddable":true,"href":"https:\/\/plazajuarez.mx\/historico\/wp-json\/wp\/v2\/tags?post=141903"}],"curies":[{"name":"wp","href":"https:\/\/api.w.org\/{rel}","templated":true}]}}