{"id":141891,"date":"2020-11-24T18:33:53","date_gmt":"2020-11-25T00:33:53","guid":{"rendered":"https:\/\/plazajuarez.mx\/?p=141891"},"modified":"2020-11-24T18:34:13","modified_gmt":"2020-11-25T00:34:13","slug":"alertan-de-resurgimiento-de-enfermedades-por-falta-de-plan-de-vacunas-en-mexico","status":"publish","type":"post","link":"https:\/\/plazajuarez.mx\/historico\/alertan-de-resurgimiento-de-enfermedades-por-falta-de-plan-de-vacunas-en-mexico\/","title":{"rendered":"Alertan de resurgimiento de enfermedades por falta de plan de vacunas en M\u00e9xico"},"content":{"rendered":"\n<p>Especialistas alertaron este martes del resurgimiento de enfermedades por la falta de un plan de vacunaci\u00f3n en territorio mexicano, donde la inmunizaci\u00f3n ha ca\u00eddo un 20 % en medio de la pandemia de la covid-19.<\/p>\n\n\n\n<p>Mar\u00eda del Carmen Espinosa, infect\u00f3loga pediatra del Hospital General de M\u00e9xico Dr. Eduardo Liceaga, expuso que el personal m\u00e9dico exhorta a las autoridades sanitarias a crear un plan que contrarreste la disminuci\u00f3n en la cobertura vacunal.<\/p>\n\n\n\n<p>\u201cLa Organizaci\u00f3n Mundial de la Salud (OMS) y la Organizaci\u00f3n Panamericana de la Salud (OPS) han lanzado los programas para recuperar los esquemas de vacunaci\u00f3n, pero M\u00e9xico no ha emitido nada&#8221;, subray\u00f3 la especialista a Efe.<\/p>\n\n\n\n<p>Mientras M\u00e9xico y el mundo observan con optimismo los anuncios de la efectividad de las vacunas contra la covid-19, como la de AstraZeneca, Pfizer y Moderna, la experta advirti\u00f3 de un decremento en la vacunaci\u00f3n de enfermedades ya existentes.<\/p>\n\n\n\n<p>&#8220;Las autoridades est\u00e1n muy enfocadas en c\u00f3mo enfrentar la pandemia, pero no hay un plan para saber c\u00f3mo vamos a recuperarnos en las tasas de vacunaci\u00f3n&#8221;, a\u00f1adi\u00f3.<\/p>\n\n\n\n<p>La experta lament\u00f3 que la cobertura de vacunaci\u00f3n en M\u00e9xico, considerada una de las mejores en todo el mundo, haya disminuido m\u00e1s de 20 % por la contingencia sanitaria.<\/p>\n\n\n\n<p>Esto significar\u00eda que se encuentra apenas arriba del 50 %, por lo que podr\u00eda ser inevitable el resurgimiento de enfermedades prevenibles por vacunaci\u00f3n, detall\u00f3 Espinosa, quien tambi\u00e9n es coordinadora del Internado M\u00e9dico y Pregrado en el Hospital General.<\/p>\n\n\n\n<p>\u201cLa vacunaci\u00f3n es un servicio de salud esencial que debe priorizarse para prevenir enfermedades transmisibles, evitables a trav\u00e9s de la vacunaci\u00f3n, durante la pandemia de la covid-19, por lo cual es de vital importancia recuperar las coberturas vacunales\u201d, manifest\u00f3.<\/p>\n\n\n\n<p>Esto, advirti\u00f3, deja a millones de ni\u00f1os vulnerables que pueden desarrollar enfermedades mortales o dejarlos con graves secuelas a lo largo de su vida.<\/p>\n\n\n\n<p>Como ejemplo, enunci\u00f3 los 195 casos de sarampi\u00f3n que se registraron este a\u00f1o en M\u00e9xico, as\u00ed como el primer caso de difteria en Per\u00fa en octubre de 2020, lo que representa un peligro para toda la regi\u00f3n de Latinoam\u00e9rica.<\/p>\n\n\n\n<p>Tambi\u00e9n se\u00f1al\u00f3 el caso de t\u00e9tanos neonatal que se registr\u00f3 este a\u00f1o en Baja California, al norte de M\u00e9xico.<\/p>\n\n\n\n<p>\u201cEs un hecho que las coberturas han disminuido. Sin embargo, a diferencia del virus que causa la covid-19, actualmente tenemos las herramientas y conocimiento para prevenir enfermedades como la poliomielitis, el sarampi\u00f3n y otras&#8221;, observ\u00f3.<\/p>\n\n\n\n<p>La m\u00e9dica enfatiz\u00f3 que los ni\u00f1os son el grupo m\u00e1s vulnerable de la poblaci\u00f3n, pero cada grupo et\u00e1reo tiene una cartilla de vacunaci\u00f3n que debe seguirse para evitar alguna patolog\u00eda.<\/p>\n\n\n\n<p>Una de las vacunas consideradas en el esquema nacional de vacunaci\u00f3n es la hexavalente, que protege contra seis enfermedades, por medio de cuatro dosis a los dos, cuatro, seis y 18 meses de edad.<\/p>\n\n\n\n<p>En caso de no recibir alguna, los padres deber\u00e1n acudir a su unidad de salud para recuperar las dosis perdidas y que sean aplicadas a sus ni\u00f1os.<\/p>\n\n\n\n<p>&#8220;Es necesario continuar los esquemas de vacunaci\u00f3n de la ni\u00f1ez para que puedan vivir una vida sin enfermedades prevenibles por inmunizaci\u00f3n\u201d, remarc\u00f3 la especialista.<\/p>\n","protected":false},"excerpt":{"rendered":"<p>Especialistas alertaron este martes del resurgimiento de enfermedades por la falta de un plan de vacunaci\u00f3n en territorio mexicano, donde la inmunizaci\u00f3n ha ca\u00eddo un 20 % en medio de la pandemia de la covid-19. Mar\u00eda del Carmen Espinosa, infect\u00f3loga pediatra del Hospital General de M\u00e9xico Dr. Eduardo Liceaga, expuso que el personal m\u00e9dico exhorta [&hellip;]<\/p>\n","protected":false},"author":80,"featured_media":141892,"comment_status":"closed","ping_status":"open","sticky":false,"template":"","format":"standard","meta":{"footnotes":""},"categories":[15,36],"tags":[],"class_list":["post-141891","post","type-post","status-publish","format-standard","has-post-thumbnail","hentry","category-destacadas","category-nacion"],"_links":{"self":[{"href":"https:\/\/plazajuarez.mx\/historico\/wp-json\/wp\/v2\/posts\/141891","targetHints":{"allow":["GET"]}}],"collection":[{"href":"https:\/\/plazajuarez.mx\/historico\/wp-json\/wp\/v2\/posts"}],"about":[{"href":"https:\/\/plazajuarez.mx\/historico\/wp-json\/wp\/v2\/types\/post"}],"author":[{"embeddable":true,"href":"https:\/\/plazajuarez.mx\/historico\/wp-json\/wp\/v2\/users\/80"}],"replies":[{"embeddable":true,"href":"https:\/\/plazajuarez.mx\/historico\/wp-json\/wp\/v2\/comments?post=141891"}],"version-history":[{"count":0,"href":"https:\/\/plazajuarez.mx\/historico\/wp-json\/wp\/v2\/posts\/141891\/revisions"}],"wp:featuredmedia":[{"embeddable":true,"href":"https:\/\/plazajuarez.mx\/historico\/wp-json\/wp\/v2\/media\/141892"}],"wp:attachment":[{"href":"https:\/\/plazajuarez.mx\/historico\/wp-json\/wp\/v2\/media?parent=141891"}],"wp:term":[{"taxonomy":"category","embeddable":true,"href":"https:\/\/plazajuarez.mx\/historico\/wp-json\/wp\/v2\/categories?post=141891"},{"taxonomy":"post_tag","embeddable":true,"href":"https:\/\/plazajuarez.mx\/historico\/wp-json\/wp\/v2\/tags?post=141891"}],"curies":[{"name":"wp","href":"https:\/\/api.w.org\/{rel}","templated":true}]}}