{"id":141786,"date":"2020-11-24T07:05:09","date_gmt":"2020-11-24T13:05:09","guid":{"rendered":"https:\/\/plazajuarez.mx\/?p=141786"},"modified":"2020-11-24T07:05:27","modified_gmt":"2020-11-24T13:05:27","slug":"coparmex-y-gobierno-estatal-han-trabajado-juntos-rivera-barquin","status":"publish","type":"post","link":"https:\/\/plazajuarez.mx\/historico\/coparmex-y-gobierno-estatal-han-trabajado-juntos-rivera-barquin\/","title":{"rendered":"Coparmex y gobierno estatal han trabajado juntos: Rivera Barquin"},"content":{"rendered":"\n<p>El presidente de la Confederaci\u00f3n Patronal de la Rep\u00fablica Mexicana (Coparmex) Hidalgo Ricardo Rivera Barquin, inform\u00f3 que a diferencia de como se ha trabajado con el gobierno federal, en Hidalgo se ha mantenido una buena relaci\u00f3n con el gobierno estatal que encabeza Omar Fayad Meneses, y destac\u00f3 que ser\u00eda bueno que las medidas implementadas en Hidalgo pudieran replicarse en todo el pa\u00eds.&nbsp;<\/p>\n\n\n\n<p>En entrevista para <em>Diario Plaza Ju\u00e1rez,<\/em> el l\u00edder empresarial apunt\u00f3 que desde la Coparmex consideran que se pueden mejorar muchas estrategias y decisiones que est\u00e1 tomando el gobierno federal, por lo que destac\u00f3 que a\u00fan hay tiempo de \u201cretomar el rumbo y salir adelante como pa\u00eds\u201d.<\/p>\n\n\n\n<p>\u201cCon el gobierno estatal siempre hemos trabajado, para la implementaci\u00f3n de todas las medidas que este gobierno ha tomado, hemos sido escuchados, atendidos y tomados en cuenta, contamos con mesas de di\u00e1logo en las que hemos llegado a buenos acuerdos y apoyos en el sector empresarial, bueno estas medidas que toma el gobierno estatal, muchas podr\u00edan replicarse a nivel federal\u201d, dijo.<\/p>\n\n\n\n<p>De igual forma, se\u00f1al\u00f3 que en Hidalgo se han logrado mantener alrededor de 22 mil empleos formales que otorgan alrededor de 400 empresas que est\u00e1n afiliadas a la Coparmex, por lo que destac\u00f3: \u201clos empresarios somos aliados para que la recuperaci\u00f3n econ\u00f3mica del pa\u00eds sea de la manera m\u00e1s r\u00e1pida posible, esperamos que el gobierno federal escuche al sector y busque trabajar de la mano\u201d, dijo.<\/p>\n","protected":false},"excerpt":{"rendered":"<p>El presidente de la Confederaci\u00f3n Patronal de la Rep\u00fablica Mexicana (Coparmex) Hidalgo Ricardo Rivera Barquin, inform\u00f3 que a diferencia de como se ha trabajado con el gobierno federal, en Hidalgo se ha mantenido una buena relaci\u00f3n con el gobierno estatal que encabeza Omar Fayad Meneses, y destac\u00f3 que ser\u00eda bueno que las medidas implementadas en [&hellip;]<\/p>\n","protected":false},"author":72,"featured_media":141787,"comment_status":"closed","ping_status":"open","sticky":false,"template":"","format":"standard","meta":{"footnotes":""},"categories":[15,59],"tags":[],"class_list":["post-141786","post","type-post","status-publish","format-standard","has-post-thumbnail","hentry","category-destacadas","category-general"],"_links":{"self":[{"href":"https:\/\/plazajuarez.mx\/historico\/wp-json\/wp\/v2\/posts\/141786","targetHints":{"allow":["GET"]}}],"collection":[{"href":"https:\/\/plazajuarez.mx\/historico\/wp-json\/wp\/v2\/posts"}],"about":[{"href":"https:\/\/plazajuarez.mx\/historico\/wp-json\/wp\/v2\/types\/post"}],"author":[{"embeddable":true,"href":"https:\/\/plazajuarez.mx\/historico\/wp-json\/wp\/v2\/users\/72"}],"replies":[{"embeddable":true,"href":"https:\/\/plazajuarez.mx\/historico\/wp-json\/wp\/v2\/comments?post=141786"}],"version-history":[{"count":0,"href":"https:\/\/plazajuarez.mx\/historico\/wp-json\/wp\/v2\/posts\/141786\/revisions"}],"wp:featuredmedia":[{"embeddable":true,"href":"https:\/\/plazajuarez.mx\/historico\/wp-json\/wp\/v2\/media\/141787"}],"wp:attachment":[{"href":"https:\/\/plazajuarez.mx\/historico\/wp-json\/wp\/v2\/media?parent=141786"}],"wp:term":[{"taxonomy":"category","embeddable":true,"href":"https:\/\/plazajuarez.mx\/historico\/wp-json\/wp\/v2\/categories?post=141786"},{"taxonomy":"post_tag","embeddable":true,"href":"https:\/\/plazajuarez.mx\/historico\/wp-json\/wp\/v2\/tags?post=141786"}],"curies":[{"name":"wp","href":"https:\/\/api.w.org\/{rel}","templated":true}]}}