{"id":141782,"date":"2020-11-24T07:03:04","date_gmt":"2020-11-24T13:03:04","guid":{"rendered":"https:\/\/plazajuarez.mx\/?p=141782"},"modified":"2020-11-24T07:03:19","modified_gmt":"2020-11-24T13:03:19","slug":"alfil-negro-1966","status":"publish","type":"post","link":"https:\/\/plazajuarez.mx\/historico\/alfil-negro-1966\/","title":{"rendered":"ALFIL NEGRO"},"content":{"rendered":"\n<h2 class=\"wp-block-heading\">CADA QUIEN HABLA\u00a0COMO LE VA EN LA FERIA<\/h2>\n\n\n\n<p>Es un refr\u00e1n popular, que nos dice que de acuerdo a c\u00f3mo resulten las cosas si hablamos de pol\u00edtica en particular, hablar\u00e1n vencedores y vencidos, en muchos casos con raz\u00f3n y en otras como resentimiento&nbsp; por no aceptar que las cosas no se dieron como se esperaba.<\/p>\n\n\n\n<p>Un caso a nivel mundial, es la actitud del todav\u00eda Presidente de los Estados&nbsp; Unidos Donald Trump, que no aceptaba que Joe&nbsp; Biden lo hab\u00eda derrotado e invoc\u00f3&nbsp; argumentos muy pobres&nbsp; y se fue por lo tradicional en el f\u00fatbol de culpar al \u00e1rbitro de su derrota, y al rival, que de acuerdo a su percepci\u00f3n le hab\u00eda hecho trampa.<\/p>\n\n\n\n<p>Finalmente, el d\u00eda de ayer, Trump dobl\u00f3 las manitas ante la&nbsp; evidencia de haber perdido al escribir en sus redes sociales, que en el mejor inter\u00e9s de la Naci\u00f3n Americana, recomendaba que se haga lo necesario con los protocolos iniciales de la transici\u00f3n. Aunque en una \u00faltima de sus actitudes, dijo que seguir\u00e1 impugnando.<\/p>\n\n\n\n<p>Por cierto, a ver si con esto, nuestro pa\u00eds se hace presente con buenos deseos para Biden, porque hasta Trump ya de hecho lo reconoce como ganador y nuestro pa\u00eds no.<\/p>\n\n\n\n<p><strong>EN HIDALGO<\/strong><\/p>\n\n\n\n<p>Acaba de pasar la elecci\u00f3n de alcaldes ,con la votaci\u00f3n del 18 de octubre pasado, y despu\u00e9s de 37 d\u00edas, esto todav\u00eda no termina por las inconformidades que se dieron de partidos pol\u00edticos&nbsp; y sus candidatos, al no aceptar los resultados ,porque argumentan que hubo irregularidades.<\/p>\n\n\n\n<p>En total fueron 62 los municipios impugnados, muchos&nbsp; de los cuales&nbsp; ya fueron dictaminados sin cambios, porque se ratificaron los resultados.<\/p>\n\n\n\n<p>Sin embargo, algunos de los perdedores, anuncian que seguir\u00e1n buscando que se reviertan los resultados, acudiendo a un tribunal federal.<\/p>\n\n\n\n<p>Adem\u00e1s est\u00e1n sin duda en su derecho.<\/p>\n\n\n\n<p>Est\u00e1 claro que cada quien habla de acuerdo a c\u00f3mo le fue en la feria, sobre todo los perdedores, porque los ganadores felices de la vida.<\/p>\n\n\n\n<p>Y aunque tienen derecho los inconformes, parece que en algunos se contaminaron del virus Trump, para no aceptar la derrota porque piensan que hubo anomal\u00edas en los resultados.<\/p>\n\n\n\n<p>Lo cierto es, que el 15 de diciembre tomar\u00e1n posesi\u00f3n los nuevos alcaldes&nbsp;<\/p>\n\n\n\n<p>Y hasta el momento, s\u00f3lo parece que puede haber elecci\u00f3n extraordinaria en Huejutla.<\/p>\n\n\n\n<p>Pero esto todav\u00eda no se acaba.<\/p>\n","protected":false},"excerpt":{"rendered":"<p>CADA QUIEN HABLA\u00a0COMO LE VA EN LA FERIA Es un refr\u00e1n popular, que nos dice que de acuerdo a c\u00f3mo resulten las cosas si hablamos de pol\u00edtica en particular, hablar\u00e1n vencedores y vencidos, en muchos casos con raz\u00f3n y en otras como resentimiento&nbsp; por no aceptar que las cosas no se dieron como se esperaba. [&hellip;]<\/p>\n","protected":false},"author":83,"featured_media":0,"comment_status":"closed","ping_status":"open","sticky":false,"template":"","format":"standard","meta":{"footnotes":""},"categories":[48,42],"tags":[],"class_list":["post-141782","post","type-post","status-publish","format-standard","hentry","category-adalberto-peralta","category-nuestrapalabra"],"_links":{"self":[{"href":"https:\/\/plazajuarez.mx\/historico\/wp-json\/wp\/v2\/posts\/141782","targetHints":{"allow":["GET"]}}],"collection":[{"href":"https:\/\/plazajuarez.mx\/historico\/wp-json\/wp\/v2\/posts"}],"about":[{"href":"https:\/\/plazajuarez.mx\/historico\/wp-json\/wp\/v2\/types\/post"}],"author":[{"embeddable":true,"href":"https:\/\/plazajuarez.mx\/historico\/wp-json\/wp\/v2\/users\/83"}],"replies":[{"embeddable":true,"href":"https:\/\/plazajuarez.mx\/historico\/wp-json\/wp\/v2\/comments?post=141782"}],"version-history":[{"count":0,"href":"https:\/\/plazajuarez.mx\/historico\/wp-json\/wp\/v2\/posts\/141782\/revisions"}],"wp:attachment":[{"href":"https:\/\/plazajuarez.mx\/historico\/wp-json\/wp\/v2\/media?parent=141782"}],"wp:term":[{"taxonomy":"category","embeddable":true,"href":"https:\/\/plazajuarez.mx\/historico\/wp-json\/wp\/v2\/categories?post=141782"},{"taxonomy":"post_tag","embeddable":true,"href":"https:\/\/plazajuarez.mx\/historico\/wp-json\/wp\/v2\/tags?post=141782"}],"curies":[{"name":"wp","href":"https:\/\/api.w.org\/{rel}","templated":true}]}}