{"id":141780,"date":"2020-11-24T07:01:23","date_gmt":"2020-11-24T13:01:23","guid":{"rendered":"https:\/\/plazajuarez.mx\/?p=141780"},"modified":"2020-11-24T07:01:39","modified_gmt":"2020-11-24T13:01:39","slug":"laguna-de-voces-683","status":"publish","type":"post","link":"https:\/\/plazajuarez.mx\/historico\/laguna-de-voces-683\/","title":{"rendered":"LAGUNA DE VOCES"},"content":{"rendered":"\n<h2 class=\"wp-block-heading\">Pi\u00f1a, la compasi\u00f3n como ense\u00f1anza<\/h2>\n\n\n\n<!--more-->\n\n\n\n<p>En todo grupo de amigos siempre hay un gordito con el coraz\u00f3n de oro porque es sincero, digno de todas las confianzas y con un sentido de la vida que siempre festeja las m\u00ednimas cosas, como por ejemplo pasar de a\u00f1o.<\/p>\n\n\n\n<p>Se apellidaba Pi\u00f1a, era el jefe de grupo en la secundaria, y ten\u00eda el don de poder apaciguar hasta al m\u00e1s sanguinario en las peleas, que eran asunto cotidiano en una colonia donde los golpes arreglaban cualquier desencuentro. Nunca tuvo necesidad de agarrarse a trompadas a la salida, y por vocaci\u00f3n natural, logr\u00f3 que los \u201ctiritos\u201d en lote bald\u00edo disminuyeran a un nivel que nunca se volvi\u00f3 a repetir.<\/p>\n\n\n\n<p>Al paso de los casi tres a\u00f1os en que mantuvo el cargo como l\u00edder sin competencia ya no solo de sus compa\u00f1eros, sino de la escuela completa, logr\u00f3 ser referencia de rectitud, un profundo sentido de honestidad, pero sobre todas las cosas, la compasi\u00f3n aut\u00e9ntica que sent\u00eda por todos sus compa\u00f1eros y compa\u00f1eras.&nbsp;<\/p>\n\n\n\n<p>Todo se vino abajo una ma\u00f1ana en que decidi\u00f3 dejar de ser por un instante, brev\u00edsimo como tal, el jovencito que portaba con orgullo el uniforme que inclu\u00eda corbata del mismo color que la camisola y el pantal\u00f3n, todav\u00eda por esos tiempos colores de militar. A lo mejor con la intenci\u00f3n de ganarse la confianza del peleador n\u00famero uno del sal\u00f3n, que acostumbraba corretear a quien se le pusiera enfrente con el cintur\u00f3n de hebilla plateada, se puso en la frente, a manera de hippie trasnochado, la mentada corbata.<\/p>\n\n\n\n<p>Coincidi\u00f3 por desgracia que en ese momento el director de apellido Garfias se asom\u00f3 al aula. Pi\u00f1a estaba en \u00e9xtasis con los dedos \u00edndice y anular en adem\u00e1n de amor y paz, adem\u00e1s que imitaba a los que a las afueras de la secundaria aspiraban con enorme gusto cigarros de hierba mala, como le dec\u00edan todos.<\/p>\n\n\n\n<p>El Garfias mont\u00f3 en c\u00f3lera, todav\u00eda m\u00e1s al ver que uno de los alumnos con m\u00e1s reconocimiento entre todos, hab\u00eda sido presa de la locura, del desenfreno como \u00e9l le dec\u00eda. No, Pi\u00f1a de ninguna manera merec\u00eda la sarta de adjetivos que le colg\u00f3 el director. Se puso rojo como jitomate cuando le quit\u00f3 la corbata de la frente al tiempo que le dec\u00eda: \u201c\u00a1es usted una verg\u00fcenza para todos, un pelafust\u00e1n!\u201d.<\/p>\n\n\n\n<p>Se hizo un silencio absoluto. Casi nadie conoc\u00eda el significado de tan cruel palabra, pero intu\u00edan que era algo peor a una mentada de madre. Pasaron minutos terribles, de esos que nadie quiere espantar porque dan miedo. Solo entonces alguien not\u00f3 que Pi\u00f1a hab\u00eda empezado a llorar, al tiempo que tomaba sus cosas y sal\u00eda rumbo a la calle.<\/p>\n\n\n\n<p>Despu\u00e9s de eso todo cambi\u00f3. No es que se convirtiera en un ser mal\u00e9volo, no. Simplemente dej\u00f3 de interesarse en sus compa\u00f1eros de clase; dedic\u00f3 todo su empe\u00f1o a pasar con buenas calificaciones las materias, pero del que animaba la posibilidad de ser verdaderos amigos donde esa abundaba poco, no qued\u00f3 nada.<\/p>\n\n\n\n<p>Antes que terminara el curso escolar anunci\u00f3 que ya no quer\u00eda ser jefe de grupo, que otro ocupara su lugar. Carmen, una de las alumnas m\u00e1s inteligentes de toda la escuela acept\u00f3 y se qued\u00f3 hasta que los cursos acabaron.<\/p>\n\n\n\n<p>Pi\u00f1a termin\u00f3 sus estudios, fue por su certificado, agradeci\u00f3 al director que lo hab\u00eda llamado pelafust\u00e1n y nunca volv\u00ed a saber nada de \u00e9l.<\/p>\n\n\n\n<p>Tengo confianza en que ese momento tan amargo no haya terminado con quien estaba llamado a sembrar paz en una colonia tan de al tiro abrumada por la violencia. Hay personas que tienen ese don desde que nacen. Por muchas razones donde quiera que lo hayan llevado sus pasos, olvidado el cap\u00edtulo que lo convirti\u00f3 en un pelafust\u00e1n que nunca fue, estoy seguro que habr\u00e1 ense\u00f1ado el arte real y \u00fanico de la compasi\u00f3n a quien se haya cruzado en su camino.<\/p>\n\n\n\n<p>Estoy seguro.<\/p>\n\n\n\n<p>Mil gracias, hasta ma\u00f1ana.<\/p>\n\n\n\n<p><a href=\"mailto:jeperalta@plazajuarez.mx\/historico\/historico\">jeperalta@plazajuarez.mx\/historico\/historico<\/a><\/p>\n\n\n\n<p>@JavierEPeralta<\/p>\n","protected":false},"excerpt":{"rendered":"<p>Pi\u00f1a, la compasi\u00f3n como ense\u00f1anza<\/p>\n","protected":false},"author":10,"featured_media":0,"comment_status":"closed","ping_status":"open","sticky":false,"template":"","format":"standard","meta":{"footnotes":""},"categories":[49,42],"tags":[],"class_list":["post-141780","post","type-post","status-publish","format-standard","hentry","category-javier-peralta","category-nuestrapalabra"],"_links":{"self":[{"href":"https:\/\/plazajuarez.mx\/historico\/wp-json\/wp\/v2\/posts\/141780","targetHints":{"allow":["GET"]}}],"collection":[{"href":"https:\/\/plazajuarez.mx\/historico\/wp-json\/wp\/v2\/posts"}],"about":[{"href":"https:\/\/plazajuarez.mx\/historico\/wp-json\/wp\/v2\/types\/post"}],"author":[{"embeddable":true,"href":"https:\/\/plazajuarez.mx\/historico\/wp-json\/wp\/v2\/users\/10"}],"replies":[{"embeddable":true,"href":"https:\/\/plazajuarez.mx\/historico\/wp-json\/wp\/v2\/comments?post=141780"}],"version-history":[{"count":0,"href":"https:\/\/plazajuarez.mx\/historico\/wp-json\/wp\/v2\/posts\/141780\/revisions"}],"wp:attachment":[{"href":"https:\/\/plazajuarez.mx\/historico\/wp-json\/wp\/v2\/media?parent=141780"}],"wp:term":[{"taxonomy":"category","embeddable":true,"href":"https:\/\/plazajuarez.mx\/historico\/wp-json\/wp\/v2\/categories?post=141780"},{"taxonomy":"post_tag","embeddable":true,"href":"https:\/\/plazajuarez.mx\/historico\/wp-json\/wp\/v2\/tags?post=141780"}],"curies":[{"name":"wp","href":"https:\/\/api.w.org\/{rel}","templated":true}]}}