{"id":141766,"date":"2020-11-23T19:17:53","date_gmt":"2020-11-24T01:17:53","guid":{"rendered":"https:\/\/plazajuarez.mx\/?p=141766"},"modified":"2020-11-23T19:18:10","modified_gmt":"2020-11-24T01:18:10","slug":"comunidad-transgenero-exige-alto-a-discriminacion-en-transporte-publico","status":"publish","type":"post","link":"https:\/\/plazajuarez.mx\/historico\/comunidad-transgenero-exige-alto-a-discriminacion-en-transporte-publico\/","title":{"rendered":"Comunidad transg\u00e9nero exige alto a discriminaci\u00f3n en transporte p\u00fablico"},"content":{"rendered":"\n<p>Un grupo de integrantes de la organizaci\u00f3n de la sociedad civil Transg\u00e9nero Hidalgo, encabezada por Mar\u00eda Karen Quintero, se manifestaron en la explanada de Plaza Ju\u00e1rez, espec\u00edficamente en la estaci\u00f3n del Tuzob\u00fas, con la finalidad de exigir un alto a la discriminaci\u00f3n de personas de la comunidad en el transporte p\u00fablico.<\/p>\n\n\n\n<p>Lo anterior, luego que una joven fuera obligada a bajar de la unidad de Tuzob\u00fas Rosa denominado S\u00edhuatl, al supuestamente confundirla con una mujer trans, situaci\u00f3n que gener\u00f3 incomodidad y molestia en la usuaria del transporte p\u00fablico.<\/p>\n\n\n\n<p>Ante el hecho, la quejosa cuestion\u00f3 al oficial sobre la determinaci\u00f3n de negarle el servicio, quien respondi\u00f3 que a\u00fan no ten\u00edan permitido ofrecer el transporte a personas de la comunidad LGBTTTIQ.<\/p>\n\n\n\n<p>Por ello la usuaria, quien es medallista de lucha ol\u00edmpica, inici\u00f3 una queja en la propia estaci\u00f3n del Tuzob\u00fas, en donde le mencionaron que las autoridades correspondientes se pondr\u00edan en contacto con ella; aunque la llamada fue simplemente para pedir una disculpa.<\/p>\n\n\n\n<p>Por esta situaci\u00f3n,&nbsp; integrantes de Transg\u00e9nero Hidalgo realizaron una manifestaci\u00f3n en la estaci\u00f3n de Tuzob\u00fas ubicado en Plaza Ju\u00e1rez, con la finalidad de exigir un alto a la discriminaci\u00f3n de las mujeres trans, pese a que la joven no pertenece a la comunidad.<\/p>\n\n\n\n<p>Adem\u00e1s de solicitar que el personal que opera unidades de transporte p\u00fablico, reciban capacitaci\u00f3n respecto a los derechos de las personas LGBTTTIQ, y garantizar su seguridad como usuarias.<\/p>\n\n\n\n<p>Es importante se\u00f1alar que un grupo, del total de las manifestantes, fueron atendidas por autoridades estatales, con la finalidad de entablar una mesa de di\u00e1logo y llegar a los acuerdos pertinentes.<\/p>\n","protected":false},"excerpt":{"rendered":"<p>Un grupo de integrantes de la organizaci\u00f3n de la sociedad civil Transg\u00e9nero Hidalgo, encabezada por Mar\u00eda Karen Quintero, se manifestaron en la explanada de Plaza Ju\u00e1rez, espec\u00edficamente en la estaci\u00f3n del Tuzob\u00fas, con la finalidad de exigir un alto a la discriminaci\u00f3n de personas de la comunidad en el transporte p\u00fablico. Lo anterior, luego que [&hellip;]<\/p>\n","protected":false},"author":73,"featured_media":141767,"comment_status":"closed","ping_status":"open","sticky":false,"template":"","format":"standard","meta":{"footnotes":""},"categories":[15,59],"tags":[],"class_list":["post-141766","post","type-post","status-publish","format-standard","has-post-thumbnail","hentry","category-destacadas","category-general"],"_links":{"self":[{"href":"https:\/\/plazajuarez.mx\/historico\/wp-json\/wp\/v2\/posts\/141766","targetHints":{"allow":["GET"]}}],"collection":[{"href":"https:\/\/plazajuarez.mx\/historico\/wp-json\/wp\/v2\/posts"}],"about":[{"href":"https:\/\/plazajuarez.mx\/historico\/wp-json\/wp\/v2\/types\/post"}],"author":[{"embeddable":true,"href":"https:\/\/plazajuarez.mx\/historico\/wp-json\/wp\/v2\/users\/73"}],"replies":[{"embeddable":true,"href":"https:\/\/plazajuarez.mx\/historico\/wp-json\/wp\/v2\/comments?post=141766"}],"version-history":[{"count":0,"href":"https:\/\/plazajuarez.mx\/historico\/wp-json\/wp\/v2\/posts\/141766\/revisions"}],"wp:featuredmedia":[{"embeddable":true,"href":"https:\/\/plazajuarez.mx\/historico\/wp-json\/wp\/v2\/media\/141767"}],"wp:attachment":[{"href":"https:\/\/plazajuarez.mx\/historico\/wp-json\/wp\/v2\/media?parent=141766"}],"wp:term":[{"taxonomy":"category","embeddable":true,"href":"https:\/\/plazajuarez.mx\/historico\/wp-json\/wp\/v2\/categories?post=141766"},{"taxonomy":"post_tag","embeddable":true,"href":"https:\/\/plazajuarez.mx\/historico\/wp-json\/wp\/v2\/tags?post=141766"}],"curies":[{"name":"wp","href":"https:\/\/api.w.org\/{rel}","templated":true}]}}