{"id":141762,"date":"2020-11-23T19:11:16","date_gmt":"2020-11-24T01:11:16","guid":{"rendered":"https:\/\/plazajuarez.mx\/?p=141762"},"modified":"2020-11-23T19:14:49","modified_gmt":"2020-11-24T01:14:49","slug":"a-pesar-del-repunte-de-nuevos-casos-la-gente-ha-decidido-no-quedarse-en-casa","status":"publish","type":"post","link":"https:\/\/plazajuarez.mx\/historico\/a-pesar-del-repunte-de-nuevos-casos-la-gente-ha-decidido-no-quedarse-en-casa\/","title":{"rendered":"A pesar del repunte de nuevos casos la gente ha decidido no quedarse en casa"},"content":{"rendered":"\n<p>El pasado lunes 16 de noviembre Diario Plaza Ju\u00e1rez inform\u00f3 que de acuerdo con las cifras presentadas por las autoridades sanitarias en Hidalgo se hab\u00edan registrado en las \u00faltimas 24 horas s\u00f3lo dos contagios as\u00ed como la muerte de tres personas por la covid-19, sin embargo; una semana despu\u00e9s  informaron que ayer se tuvieron 175 contagios y nueve muertes.\u00a0<\/p>\n\n\n\n<p>Y a pesar de las cifras que van en aumento, de las carencias que se han informado en algunos hospitales en los que se han comenzado a saturar por pacientes enfermos de covid-19, no disminuye la movilidad de personas en las calles, mercados y dem\u00e1s lugares p\u00fablicos, as\u00ed se pudo ver este inicio de semana en lugares como la Central de Abastos de Pachuca, las principales calles de la ciudad as\u00ed como algunos mercados ubicados en la periferia del centro hist\u00f3rico de Pachuca.&nbsp;<\/p>\n\n\n\n<p>El \u201cqu\u00e9date en casa\u201d que por unos meses mantuvo con baja movilidad (porqu\u00e9 nunca se logr\u00f3 reducirla al m\u00ednimo) ha dejado de ser consigna y ha comenzado a ser ignorado a pesar de que los casos de enfermos o muertos por covid se acercan cada d\u00eda a las familias pachuque\u00f1as. Por una parte est\u00e1n los sectores afectados en los que se encuentran aquellas familias que van al d\u00eda, que no pueden \u201cdarse el lujo\u201d de quedarse en casa, pero por otra parte est\u00e1n aquellos que han salido para \u201cdispersarse\u201d.<\/p>\n\n\n\n<p>Por lo anterior no se descarta que en breve, Hidalgo sea uno de los estados que regrese al color rojo en el sem\u00e1foro epidemiol\u00f3gico y con ello vuelvan medidas como la del hoy no circula que se implement\u00f3 de manera rigurosa con el objetivo de reducir la movilidad de personas durante la contingencia sanitaria, lo anterior ha comenzado a preocupar a los comercios que ofertan productos no \u201cindispensables\u201d ya que posiblemente regresar\u00eda la restricci\u00f3n que se impuso en las primeras ocasiones en que la entidad estuvo en este grado de alerta provocado por la covid-19.\u00a0<\/p>\n","protected":false},"excerpt":{"rendered":"<p>El pasado lunes 16 de noviembre Diario Plaza Ju\u00e1rez inform\u00f3 que de acuerdo con las cifras presentadas por las autoridades sanitarias en Hidalgo se hab\u00edan registrado en las \u00faltimas 24 horas s\u00f3lo dos contagios as\u00ed como la muerte de tres personas por la covid-19, sin embargo; una semana despu\u00e9s informaron que ayer se tuvieron 175 [&hellip;]<\/p>\n","protected":false},"author":72,"featured_media":135159,"comment_status":"closed","ping_status":"open","sticky":false,"template":"","format":"standard","meta":{"footnotes":""},"categories":[15,59],"tags":[],"class_list":["post-141762","post","type-post","status-publish","format-standard","has-post-thumbnail","hentry","category-destacadas","category-general"],"_links":{"self":[{"href":"https:\/\/plazajuarez.mx\/historico\/wp-json\/wp\/v2\/posts\/141762","targetHints":{"allow":["GET"]}}],"collection":[{"href":"https:\/\/plazajuarez.mx\/historico\/wp-json\/wp\/v2\/posts"}],"about":[{"href":"https:\/\/plazajuarez.mx\/historico\/wp-json\/wp\/v2\/types\/post"}],"author":[{"embeddable":true,"href":"https:\/\/plazajuarez.mx\/historico\/wp-json\/wp\/v2\/users\/72"}],"replies":[{"embeddable":true,"href":"https:\/\/plazajuarez.mx\/historico\/wp-json\/wp\/v2\/comments?post=141762"}],"version-history":[{"count":0,"href":"https:\/\/plazajuarez.mx\/historico\/wp-json\/wp\/v2\/posts\/141762\/revisions"}],"wp:featuredmedia":[{"embeddable":true,"href":"https:\/\/plazajuarez.mx\/historico\/wp-json\/wp\/v2\/media\/135159"}],"wp:attachment":[{"href":"https:\/\/plazajuarez.mx\/historico\/wp-json\/wp\/v2\/media?parent=141762"}],"wp:term":[{"taxonomy":"category","embeddable":true,"href":"https:\/\/plazajuarez.mx\/historico\/wp-json\/wp\/v2\/categories?post=141762"},{"taxonomy":"post_tag","embeddable":true,"href":"https:\/\/plazajuarez.mx\/historico\/wp-json\/wp\/v2\/tags?post=141762"}],"curies":[{"name":"wp","href":"https:\/\/api.w.org\/{rel}","templated":true}]}}