{"id":141355,"date":"2020-11-20T09:53:06","date_gmt":"2020-11-20T15:53:06","guid":{"rendered":"https:\/\/plazajuarez.mx\/?p=141355"},"modified":"2020-11-20T09:53:28","modified_gmt":"2020-11-20T15:53:28","slug":"localizan-en-tulancingo-a-menor-extraviada-era-buscada-en-edomex","status":"publish","type":"post","link":"https:\/\/plazajuarez.mx\/historico\/localizan-en-tulancingo-a-menor-extraviada-era-buscada-en-edomex\/","title":{"rendered":"Localizan en Tulancingo a menor extraviada; era buscada en Edomex"},"content":{"rendered":"\n<p><strong>Tulancingo<\/strong><\/p>\n\n\n\n<p>Una menor de edad que estaba desaparecida en el Estado de M\u00e9xico, fue hallada en el municipio de Tulancingo, a la altura del crucero de Acatl\u00e1n, la tarde del pasado martes; situaci\u00f3n que fue reportada por un ciudadano.&nbsp;<\/p>\n\n\n\n<p>Se encontraba deambulando por calles del municipio. Ciudadanos al verla, dieron aviso a Seguridad P\u00fablica, mismos que la trasladaron a las instalaciones de CEAVIF, para ponerla en resguardo.&nbsp;<\/p>\n\n\n\n<p>Al llegar al lugar se le dio atenci\u00f3n y al hacer la investigaci\u00f3n correspondiente se percataron que ten\u00eda una Alerta Amber en el Estado de M\u00e9xico.&nbsp;<\/p>\n\n\n\n<p>La peque\u00f1a fue remitida ante el ministerio p\u00fablico, a las oficinas de la Polic\u00eda Investigadora, donde se pusieron en contacto con la Fiscal\u00eda del Estado de M\u00e9xico para poder hacer la entrega correspondiente.&nbsp;<\/p>\n\n\n\n<p>Dicha acci\u00f3n se realiz\u00f3 en las Instalaciones del CEAVIF, en presencia de las autoridades de la Polic\u00eda Investigadora adscritas al municipio de Tulancingo y de su similar del Estado de M\u00e9xico.&nbsp;<\/p>\n\n\n\n<p>La menor refiere que fue enga\u00f1ada por una persona a quien conoci\u00f3 por medio de Facebook, estuvo dos d\u00edas con el hombre en un departamento. Quien despu\u00e9s la llev\u00f3 a tomar un autob\u00fas con destino a Tulancingo, refiri\u00e9ndose que en el municipio estaba su domicilio y m\u00e1s tarde se encontrar\u00eda con ella. Afortunadamente la afectada se encuentra en buen estado de salud, sin ninguna se\u00f1al de violencia.<\/p>\n\n\n\n<p>Personal de CEAVIF, exhorta al uso adecuado de las redes sociales, ya que las consecuencias pueden ser graves.<\/p>\n","protected":false},"excerpt":{"rendered":"<p>Tulancingo Una menor de edad que estaba desaparecida en el Estado de M\u00e9xico, fue hallada en el municipio de Tulancingo, a la altura del crucero de Acatl\u00e1n, la tarde del pasado martes; situaci\u00f3n que fue reportada por un ciudadano.&nbsp; Se encontraba deambulando por calles del municipio. Ciudadanos al verla, dieron aviso a Seguridad P\u00fablica, mismos [&hellip;]<\/p>\n","protected":false},"author":70,"featured_media":141356,"comment_status":"closed","ping_status":"open","sticky":false,"template":"","format":"standard","meta":{"footnotes":""},"categories":[40],"tags":[],"class_list":["post-141355","post","type-post","status-publish","format-standard","has-post-thumbnail","hentry","category-region"],"_links":{"self":[{"href":"https:\/\/plazajuarez.mx\/historico\/wp-json\/wp\/v2\/posts\/141355","targetHints":{"allow":["GET"]}}],"collection":[{"href":"https:\/\/plazajuarez.mx\/historico\/wp-json\/wp\/v2\/posts"}],"about":[{"href":"https:\/\/plazajuarez.mx\/historico\/wp-json\/wp\/v2\/types\/post"}],"author":[{"embeddable":true,"href":"https:\/\/plazajuarez.mx\/historico\/wp-json\/wp\/v2\/users\/70"}],"replies":[{"embeddable":true,"href":"https:\/\/plazajuarez.mx\/historico\/wp-json\/wp\/v2\/comments?post=141355"}],"version-history":[{"count":0,"href":"https:\/\/plazajuarez.mx\/historico\/wp-json\/wp\/v2\/posts\/141355\/revisions"}],"wp:featuredmedia":[{"embeddable":true,"href":"https:\/\/plazajuarez.mx\/historico\/wp-json\/wp\/v2\/media\/141356"}],"wp:attachment":[{"href":"https:\/\/plazajuarez.mx\/historico\/wp-json\/wp\/v2\/media?parent=141355"}],"wp:term":[{"taxonomy":"category","embeddable":true,"href":"https:\/\/plazajuarez.mx\/historico\/wp-json\/wp\/v2\/categories?post=141355"},{"taxonomy":"post_tag","embeddable":true,"href":"https:\/\/plazajuarez.mx\/historico\/wp-json\/wp\/v2\/tags?post=141355"}],"curies":[{"name":"wp","href":"https:\/\/api.w.org\/{rel}","templated":true}]}}