{"id":141326,"date":"2020-11-20T07:09:33","date_gmt":"2020-11-20T13:09:33","guid":{"rendered":"https:\/\/plazajuarez.mx\/?p=141326"},"modified":"2020-11-20T07:09:52","modified_gmt":"2020-11-20T13:09:52","slug":"retratos-hablados-1008","status":"publish","type":"post","link":"https:\/\/plazajuarez.mx\/historico\/retratos-hablados-1008\/","title":{"rendered":"RETRATOS HABLADOS"},"content":{"rendered":"\n<h2 class=\"wp-block-heading\">No, nadie es eterno<\/h2>\n\n\n\n<!--more-->\n\n\n\n<p>Con toda seguridad una de las grandes aportaciones que nos ha tra\u00eddo la pandemia del Covid-19 a nuestras vidas, es precisamente la certeza de que todos, absolutamente todos nos vamos a morir. Como no recordar a mi t\u00edo Ezequiel, hermano de mi padre Mart\u00edn, cuando cansado de las triqui\u00f1uelas del entonces Presidente Salinas, un d\u00eda simplemente confes\u00f3: \u201csobrino, el \u00fanico gusto que me queda, es que todos nos vamos a morir\u201d. Y s\u00ed, por supuesto que ten\u00eda raz\u00f3n, aunque el personaje orej\u00f3n y sin cabello sigue vivo, y \u00e9l, mi t\u00edo hace mucho que se fue.<\/p>\n\n\n\n<p>Sin embargo la seguridad de que nos tendremos que ir, de pronto nos hizo recordar que de buenas a primeras en alg\u00fan momento ya asum\u00edamos actitudes como de pol\u00edticos cuando nos encontr\u00e1bamos a un amigo luego de a\u00f1os incluso sin vernos, y plantear la posibilidad de retomar la pl\u00e1tica con un caf\u00e9 o una copa, \u201cnos hablamos, nos hablamos\u201d, era la respuesta de uno o de otro, con todo y que sab\u00edamos que ni uno, ni otro, se tomar\u00edan la molestia de comunicarse.<\/p>\n\n\n\n<p>Por alguna raz\u00f3n nos dimos a la tarea de cerrar amistades como si fueran etapas que era necesario olvidar en la existencia, con la mira puesta en qui\u00e9n sabe qu\u00e9 futuro, a lo mejor hasta llegamos a aspirar a la eternidad.<\/p>\n\n\n\n<p>Pero no es as\u00ed. Cualquier d\u00eda, cualquier instante la luz se apaga, la m\u00fasica termina y simplemente desaparecemos, cada quien con un rumbo diferente a partir de las creencias.<\/p>\n\n\n\n<p>Tambi\u00e9n saber de lo ef\u00edmero de nuestro paso por la tierra seguramente permitir\u00e1 que redescubramos la riqueza de tomar un caf\u00e9 con quien nos conoce desde j\u00f3venes, regresar a las pl\u00e1ticas del futuro que hoy ha dejado de existir, y con suerte solo ser\u00e1 sobre el a\u00f1o que viene y tal vez el que le siga.<\/p>\n\n\n\n<p>Lo fundamental es que uno llega a compartir con muy pocas personas la visi\u00f3n de la vida misma, y por lo tanto el pasado, presente y futuro; pero de pronto y casi al mismo tiempo, decidimos cerrar esa carpeta de recuerdos.<\/p>\n\n\n\n<p>La pandemia ayuda a situarnos en la edad, el momento justo en que sin saber el a\u00f1o exacto en que dejaremos esta estancia en un mundo que poco llegamos a conocer, s\u00ed sabemos de la esperanza de existencia que poseemos y que seguramente no rebasar\u00e1 en ning\u00fan caso los 20 a\u00f1os extras.<\/p>\n\n\n\n<p>Son de los aspectos que deben reconocerse a esto del virus mortal.<\/p>\n\n\n\n<p>No aplazar m\u00e1s esa taza de caf\u00e9, a lo mejor esa copa si todav\u00eda se encuentra la condici\u00f3n para soportar una eventual cruda, pero fundamentalmente no volver a usar la frase absurda del , \u201cnos hablamos\u201d, porque la siguiente llamada ser\u00e1 para que al otro le digan donde ser\u00e1 la velaci\u00f3n (si ya se permite), o a uno que el sepelio ser\u00e1 en tal lugar.<\/p>\n\n\n\n<p>As\u00ed que mejor, \u201cnos vemos ma\u00f1ana\u201d, suena mejor, porque \u201cnos hablamos\u201d equivale a decir nunca, y en una vida tan corta como la nuestra, no vale mucho la pena hablar en ese idioma.<\/p>\n\n\n\n<p>Mi gracias, hasta el pr\u00f3ximo lunes.<\/p>\n\n\n\n<p><a href=\"mailto:jeperalta@plazajuarez.mx\/historico\/historico\">jeperalta@plazajuarez.mx\/historico\/historico<\/a><\/p>\n\n\n\n<p>@JavierEPeralta<\/p>\n","protected":false},"excerpt":{"rendered":"<p>No, nadie es eterno<\/p>\n","protected":false},"author":10,"featured_media":0,"comment_status":"closed","ping_status":"open","sticky":false,"template":"","format":"standard","meta":{"footnotes":""},"categories":[49],"tags":[],"class_list":["post-141326","post","type-post","status-publish","format-standard","hentry","category-javier-peralta"],"_links":{"self":[{"href":"https:\/\/plazajuarez.mx\/historico\/wp-json\/wp\/v2\/posts\/141326","targetHints":{"allow":["GET"]}}],"collection":[{"href":"https:\/\/plazajuarez.mx\/historico\/wp-json\/wp\/v2\/posts"}],"about":[{"href":"https:\/\/plazajuarez.mx\/historico\/wp-json\/wp\/v2\/types\/post"}],"author":[{"embeddable":true,"href":"https:\/\/plazajuarez.mx\/historico\/wp-json\/wp\/v2\/users\/10"}],"replies":[{"embeddable":true,"href":"https:\/\/plazajuarez.mx\/historico\/wp-json\/wp\/v2\/comments?post=141326"}],"version-history":[{"count":0,"href":"https:\/\/plazajuarez.mx\/historico\/wp-json\/wp\/v2\/posts\/141326\/revisions"}],"wp:attachment":[{"href":"https:\/\/plazajuarez.mx\/historico\/wp-json\/wp\/v2\/media?parent=141326"}],"wp:term":[{"taxonomy":"category","embeddable":true,"href":"https:\/\/plazajuarez.mx\/historico\/wp-json\/wp\/v2\/categories?post=141326"},{"taxonomy":"post_tag","embeddable":true,"href":"https:\/\/plazajuarez.mx\/historico\/wp-json\/wp\/v2\/tags?post=141326"}],"curies":[{"name":"wp","href":"https:\/\/api.w.org\/{rel}","templated":true}]}}