{"id":141324,"date":"2020-11-20T07:05:43","date_gmt":"2020-11-20T13:05:43","guid":{"rendered":"https:\/\/plazajuarez.mx\/?p=141324"},"modified":"2020-11-20T07:06:01","modified_gmt":"2020-11-20T13:06:01","slug":"alfil-negro-1964","status":"publish","type":"post","link":"https:\/\/plazajuarez.mx\/historico\/alfil-negro-1964\/","title":{"rendered":"ALFIL NEGRO"},"content":{"rendered":"\n<h2 class=\"wp-block-heading\"><strong>CAMPESINO DE ESTRELLAS&nbsp;<\/strong><\/h2>\n\n\n\n<!--more-->\n\n\n\n<p>Me gustan las palabras<\/p>\n\n\n\n<p>para escribir a veces<\/p>\n\n\n\n<p>intentos de poemas,<\/p>\n\n\n\n<p>con milpas de la tierra,<\/p>\n\n\n\n<p>con peces de mil luces<\/p>\n\n\n\n<p>y vuelos de gorri\u00f3n.<\/p>\n\n\n\n<p>Y el poder hacerlo,<\/p>\n\n\n\n<p>me dice que seguro<\/p>\n\n\n\n<p>ser\u00eda buen campesino,<\/p>\n\n\n\n<p>porque mi padre ya ido<\/p>\n\n\n\n<p>me ense\u00f1\u00f3 cuando ni\u00f1o<\/p>\n\n\n\n<p>a querer a la tierra,&nbsp;&nbsp;<\/p>\n\n\n\n<p>y a ver que la vida<\/p>\n\n\n\n<p>tiene mucho del bosque,<\/p>\n\n\n\n<p>del trigo mar danzante,<\/p>\n\n\n\n<p>y el milagro hecho pino,<\/p>\n\n\n\n<p>con sombras mil fantasmas<\/p>\n\n\n\n<p>que brincan y se esconden<\/p>\n\n\n\n<p>en mi memoria tierna,<\/p>\n\n\n\n<p>de ni\u00f1o siempre atento<\/p>\n\n\n\n<p>a la campana santa<\/p>\n\n\n\n<p>de mi pueblo durmiendo<\/p>\n\n\n\n<p>cerca de mi laguna,<\/p>\n\n\n\n<p>donde duerme la luna<\/p>\n\n\n\n<p>y juegan los cometas:<\/p>\n\n\n\n<p>ni\u00f1os del cielo azul.<\/p>\n\n\n\n<p>Pude ser un buen cura,<\/p>\n\n\n\n<p>me gusta el Evangelio,<\/p>\n\n\n\n<p>me emocionan los Salmos,<\/p>\n\n\n\n<p>sobre todo el que canta<\/p>\n\n\n\n<p>la grandeza de Dios<\/p>\n\n\n\n<p>retratada en el hombre.<\/p>\n\n\n\n<p>Y me gusta de Lucas<\/p>\n\n\n\n<p>el Serm\u00f3n de la monta\u00f1a;<\/p>\n\n\n\n<p>las Bienaventuranzas blancas,<\/p>\n\n\n\n<p>el Padre Nuestro entero,<\/p>\n\n\n\n<p>y la promesa fuerte<\/p>\n\n\n\n<p>del Nazareno amigo<\/p>\n\n\n\n<p>de estar en nuestra casa<\/p>\n\n\n\n<p>hasta que el tiempo acabe,&nbsp;<\/p>\n\n\n\n<p>porque \u00e9l sabe cumplir.<\/p>\n\n\n\n<p>Pude tener un puesto<\/p>\n\n\n\n<p>para vender verduras,<\/p>\n\n\n\n<p>zanahorias y elotes,<\/p>\n\n\n\n<p>pepinos y quelites,<\/p>\n\n\n\n<p>y quiz\u00e1 las acelgas,<\/p>\n\n\n\n<p>o ajo y remolacha;<\/p>\n\n\n\n<p>cebolla y coliflor&#8230;<\/p>\n\n\n\n<p>Pude ser un minero,<\/p>\n\n\n\n<p>un topo de la tierra,<\/p>\n\n\n\n<p>buscando con barreta<\/p>\n\n\n\n<p>la plata y esas luces<\/p>\n\n\n\n<p>que habitan en la entra\u00f1a<\/p>\n\n\n\n<p>de las minas fantasmas,<\/p>\n\n\n\n<p>donde dicen los cuentos:<\/p>\n\n\n\n<p>que de noche con luna<\/p>\n\n\n\n<p>desfilan los mineros<\/p>\n\n\n\n<p>que hace siglos se fueron,<\/p>\n\n\n\n<p>y vuelven cada noche,<\/p>\n\n\n\n<p>y trepan la monta\u00f1a<\/p>\n\n\n\n<p>pensando que la luna<\/p>\n\n\n\n<p>de todo Real del Monte<\/p>\n\n\n\n<p>est\u00e1 hecha de plata.<\/p>\n\n\n\n<p>Pero soy en mi vida<\/p>\n\n\n\n<p>un padre muy contento,<\/p>\n\n\n\n<p>con una esposa bella<\/p>\n\n\n\n<p>que camina conmigo&nbsp;<\/p>\n\n\n\n<p>las veredas de risas<\/p>\n\n\n\n<p>y siempre codo a codo<\/p>\n\n\n\n<p>las horas de amargura<\/p>\n\n\n\n<p>que la vida nos ha dado.<\/p>\n\n\n\n<p>Y un padre orgulloso<\/p>\n\n\n\n<p>de mis hijos por siempre,<\/p>\n\n\n\n<p>mis ni\u00f1os y mi ni\u00f1a&nbsp;<\/p>\n\n\n\n<p>que miramos serenos&nbsp;<\/p>\n\n\n\n<p>enfrentando el camino<\/p>\n\n\n\n<p>con orgullo y sin miedo,<\/p>\n\n\n\n<p>con su espada de limpios<\/p>\n\n\n\n<p>y el escudo de honra<\/p>\n\n\n\n<p>que su madre les dio.<\/p>\n\n\n\n<p>Y los vemos con gusto:<\/p>\n\n\n\n<p>mi ni\u00f1a una espartana<\/p>\n\n\n\n<p>enfrentando guerrera<\/p>\n\n\n\n<p>el dolor de los males,&nbsp;<\/p>\n\n\n\n<p>triunfante todo el tiempo&nbsp;<\/p>\n\n\n\n<p>con alma y coraz\u00f3n&#8230;<\/p>\n\n\n\n<p>Su hermano ya casado,<\/p>\n\n\n\n<p>luchador incansable,&nbsp;<\/p>\n\n\n\n<p>coraz\u00f3n de valiente<\/p>\n\n\n\n<p>y alas de gorri\u00f3n\u2026&nbsp;<\/p>\n\n\n\n<p>Y el peque\u00f1o de casa:<\/p>\n\n\n\n<p>arc\u00e1ngel de luceros,<\/p>\n\n\n\n<p>alma de plata pura,<\/p>\n\n\n\n<p>sonrisa de cristal\u2026&nbsp;<\/p>\n\n\n\n<p>Pude ser muchas cosas,<\/p>\n\n\n\n<p>pero todo lo cambio<\/p>\n\n\n\n<p>por mi esposa y mis hijos,<\/p>\n\n\n\n<p>luces de mi camino,<\/p>\n\n\n\n<p>Bendici\u00f3n del Se\u00f1or.<\/p>\n","protected":false},"excerpt":{"rendered":"<p>CAMPESINO DE ESTRELLAS&nbsp;<\/p>\n","protected":false},"author":83,"featured_media":0,"comment_status":"closed","ping_status":"open","sticky":false,"template":"","format":"standard","meta":{"footnotes":""},"categories":[48],"tags":[],"class_list":["post-141324","post","type-post","status-publish","format-standard","hentry","category-adalberto-peralta"],"_links":{"self":[{"href":"https:\/\/plazajuarez.mx\/historico\/wp-json\/wp\/v2\/posts\/141324","targetHints":{"allow":["GET"]}}],"collection":[{"href":"https:\/\/plazajuarez.mx\/historico\/wp-json\/wp\/v2\/posts"}],"about":[{"href":"https:\/\/plazajuarez.mx\/historico\/wp-json\/wp\/v2\/types\/post"}],"author":[{"embeddable":true,"href":"https:\/\/plazajuarez.mx\/historico\/wp-json\/wp\/v2\/users\/83"}],"replies":[{"embeddable":true,"href":"https:\/\/plazajuarez.mx\/historico\/wp-json\/wp\/v2\/comments?post=141324"}],"version-history":[{"count":0,"href":"https:\/\/plazajuarez.mx\/historico\/wp-json\/wp\/v2\/posts\/141324\/revisions"}],"wp:attachment":[{"href":"https:\/\/plazajuarez.mx\/historico\/wp-json\/wp\/v2\/media?parent=141324"}],"wp:term":[{"taxonomy":"category","embeddable":true,"href":"https:\/\/plazajuarez.mx\/historico\/wp-json\/wp\/v2\/categories?post=141324"},{"taxonomy":"post_tag","embeddable":true,"href":"https:\/\/plazajuarez.mx\/historico\/wp-json\/wp\/v2\/tags?post=141324"}],"curies":[{"name":"wp","href":"https:\/\/api.w.org\/{rel}","templated":true}]}}