{"id":141208,"date":"2020-11-19T09:09:50","date_gmt":"2020-11-19T15:09:50","guid":{"rendered":"https:\/\/plazajuarez.mx\/?p=141208"},"modified":"2020-11-19T09:10:10","modified_gmt":"2020-11-19T15:10:10","slug":"ordenan-a-la-alcaldia-sanear-el-basurero-municipal","status":"publish","type":"post","link":"https:\/\/plazajuarez.mx\/historico\/ordenan-a-la-alcaldia-sanear-el-basurero-municipal\/","title":{"rendered":"Ordenan a la Alcald\u00eda sanear el basurero municipal"},"content":{"rendered":"\n<p><strong>Tlanalapa<\/strong><\/p>\n\n\n\n<p>Derivado del juicio de amparo indirecto 321\/2020, promovido por ciudadanos del municipio, contra la alcald\u00eda de Tlanalapa, el Juzgado Primero de Distrito, orden\u00f3 que inmediatamente sea saneado el basurero municipal.<\/p>\n\n\n\n<p>La juez Bertha Patricia Orozco Hern\u00e1ndez, fallo a favor de los demandantes y orden\u00f3 al presidente del Concejo de Administraci\u00f3n Municipal, Aurelio Sarabia S\u00e1nchez, llevar a cabo de manera inmediata el saneamiento de este confinamiento de basura.<\/p>\n\n\n\n<p>Los ciudadanos argumentaron condiciones de insalubridad que ya representan un foco de infecci\u00f3n para la poblaci\u00f3n.<\/p>\n\n\n\n<p>La juez recrimina a quienes resulten responsables de esta falta de atenci\u00f3n por no cumplir con lo ordenado en meses anteriores, advierte que si persisten en la omisi\u00f3n ser\u00e1n acreedores a sanciones ya especificadas en el citado documento emitido el 13 de noviembre pasado.<\/p>\n\n\n\n<p>Por su parte, Oscar Castillo Hern\u00e1ndez, uno de los demandantes al ser entrevistado por Diario Plaza Ju\u00e1rez, se\u00f1al\u00f3 que en el amparo tambi\u00e9n se\u00f1alan que los l\u00edquidos llamados \u201cLixiviados\u201d, que se emiten por los desechos s\u00f3lidos ya est\u00e1n da\u00f1ando los mantos acu\u00edferos de la regi\u00f3n.<\/p>\n\n\n\n<p>Asimismo el demandante, se\u00f1al\u00f3 que en mayo pasado, se ingres\u00f3 ante el Juzgado Primero de Distrito en el Estado, la demanda de amparo la cual fue acreditada bajo el n\u00famero 321\/2020, y en donde las mismas autoridades judiciales, giraron instrucciones tanto a la Secretar\u00eda de Salud y de Medio Ambiente ambos del estado, para que en conjunto con la Alcald\u00eda de Tlanalapa, llevar\u00e1n a cabo las acciones pertinentes para sanear dicho confinamiento, los cuales no llevaron a cabo como era requerido.<\/p>\n","protected":false},"excerpt":{"rendered":"<p>Tlanalapa Derivado del juicio de amparo indirecto 321\/2020, promovido por ciudadanos del municipio, contra la alcald\u00eda de Tlanalapa, el Juzgado Primero de Distrito, orden\u00f3 que inmediatamente sea saneado el basurero municipal. La juez Bertha Patricia Orozco Hern\u00e1ndez, fallo a favor de los demandantes y orden\u00f3 al presidente del Concejo de Administraci\u00f3n Municipal, Aurelio Sarabia S\u00e1nchez, [&hellip;]<\/p>\n","protected":false},"author":69,"featured_media":141210,"comment_status":"closed","ping_status":"open","sticky":false,"template":"","format":"standard","meta":{"footnotes":""},"categories":[40],"tags":[],"class_list":["post-141208","post","type-post","status-publish","format-standard","has-post-thumbnail","hentry","category-region"],"_links":{"self":[{"href":"https:\/\/plazajuarez.mx\/historico\/wp-json\/wp\/v2\/posts\/141208","targetHints":{"allow":["GET"]}}],"collection":[{"href":"https:\/\/plazajuarez.mx\/historico\/wp-json\/wp\/v2\/posts"}],"about":[{"href":"https:\/\/plazajuarez.mx\/historico\/wp-json\/wp\/v2\/types\/post"}],"author":[{"embeddable":true,"href":"https:\/\/plazajuarez.mx\/historico\/wp-json\/wp\/v2\/users\/69"}],"replies":[{"embeddable":true,"href":"https:\/\/plazajuarez.mx\/historico\/wp-json\/wp\/v2\/comments?post=141208"}],"version-history":[{"count":0,"href":"https:\/\/plazajuarez.mx\/historico\/wp-json\/wp\/v2\/posts\/141208\/revisions"}],"wp:featuredmedia":[{"embeddable":true,"href":"https:\/\/plazajuarez.mx\/historico\/wp-json\/wp\/v2\/media\/141210"}],"wp:attachment":[{"href":"https:\/\/plazajuarez.mx\/historico\/wp-json\/wp\/v2\/media?parent=141208"}],"wp:term":[{"taxonomy":"category","embeddable":true,"href":"https:\/\/plazajuarez.mx\/historico\/wp-json\/wp\/v2\/categories?post=141208"},{"taxonomy":"post_tag","embeddable":true,"href":"https:\/\/plazajuarez.mx\/historico\/wp-json\/wp\/v2\/tags?post=141208"}],"curies":[{"name":"wp","href":"https:\/\/api.w.org\/{rel}","templated":true}]}}