{"id":141161,"date":"2020-11-19T07:01:19","date_gmt":"2020-11-19T13:01:19","guid":{"rendered":"https:\/\/plazajuarez.mx\/?p=141161"},"modified":"2020-11-19T07:01:33","modified_gmt":"2020-11-19T13:01:33","slug":"laguna-de-voces-682","status":"publish","type":"post","link":"https:\/\/plazajuarez.mx\/historico\/laguna-de-voces-682\/","title":{"rendered":"LAGUNA DE VOCES"},"content":{"rendered":"\n<h2 class=\"wp-block-heading\"><strong>D\u00edas cortos para una condena larga<\/strong><\/h2>\n\n\n\n<p>Como quiera los d\u00edas son los m\u00e1s cortos del a\u00f1o. Apenas saltamos de la cama y el reloj arranca una carrera loca por querer llegar a las seis de la tarde, cuando la noche cae sin pre\u00e1mbulo alguno, sin nubes rojizas, sin nada. Simplemente las luminarias se prenden en autom\u00e1tico para convencernos de que otra vez los sue\u00f1os, si es que los hay, son la mejor forma de combatir la monoton\u00eda de no salir sorteados en la t\u00f3mbola de los enfermos.&nbsp;<\/p>\n\n\n\n<p>La monoton\u00eda sin duda es el mayor de los males que ha tra\u00eddo la pandemia, porque se ha impuesto como la \u00fanica f\u00f3rmula efectiva para salvarse del contagio, y desde que todo este escenario de horror y miedo se puso en marcha, ha desatado el esp\u00edritu dictatorial en una buena cantidad de familias donde los padres ya entrados en a\u00f1os, de pronto se despiertan con que solo con un salvoconducto que otorgue la autoridad mayor, conformada siempre por los hijos, podr\u00e1n asomarse a la esquina disfrazado de conquistador del polo norte.&nbsp;<\/p>\n\n\n\n<p>De la sincera preocupaci\u00f3n por el bienestar de los padres y abuelos, no son pocos los que saborean el gusto por haberse auto investido como los que llevan el tim\u00f3n de la embarcaci\u00f3n con licencia no del 007 para matar, pero s\u00ed para imponer a punta de gritos la ley a los que insisten en querer salir para saludar a sus amigos o amigas, checar las ofertas de las tiendas, meterse a un restaurante por un platillo diferente a los de los \u00faltimos ocho meses y hasta consentirse con una bebida espirituosa.&nbsp;<\/p>\n\n\n\n<p>Pero como la ley es la ley, ni hablar que donde manda capit\u00e1n no ordena marinero o como dijera la Chachita de las pel\u00edculas de Pedro Infante, \u201cni hablar mujer, traes pu\u00f1al\u201d.&nbsp;<\/p>\n\n\n\n<p>Todo es por el bien de las y los cabecitas blancas, que no deben protestar ni quejarse, que pocos hijos hay que deveras se preocupan por sus progenitores. As\u00ed que no faltan los que preparan un escape de Alcatraz aunque sea por unas horas, para reconocer que despu\u00e9s de todo, \u201call\u00e1 afuera\u201d, la vida sigue y con la suerte que a veces se otorga a quienes la piden, tal vez no le toque al evadido regresar con tos cavernosa, ojos llorosos y calentura que ni Obama.&nbsp;<\/p>\n\n\n\n<p>Pero le piensan, ya con todo listo para la fuga, son m\u00e1s los que regresan y confiesan al hijo-capit\u00e1n-general que no lo van a volver a intentar, pero que la mera verdad ya est\u00e1n aburridos, y es en ese instante que el celador o alcaide de la prisi\u00f3n les dirigir\u00e1 un discurso que ni ellos a los hijos hoy pap\u00e1s, cuando se desaparec\u00edan una noche entera y regresaban ya casi a punto de salir el sol todos olorosos a las mentadas bebidas espirituosas.&nbsp;<\/p>\n\n\n\n<p>Pero como hombres y mujeres de edad, aceptar\u00e1n su falta no sin antes pedir a los cielos que ya le paren, que se acabe esta pandemia, porque el encierro cansa, lastima y provoca ganas enfermizas de brincar las rejas para gritar que siguen vivos, con ganas de navegar por mares inmensos, cruzar los cielos en avi\u00f3n, viajar, viajar mucho antes que nos trepen al viaje final.&nbsp;<\/p>\n\n\n\n<p><strong>Mil gracias, hasta ma\u00f1ana.<\/strong><\/p>\n\n\n\n<p><a href=\"mailto:jeperalta@plazajuarez.mx\/historico\/historico\">jeperalta@plazajuarez.mx\/historico\/historico<\/a><\/p>\n\n\n\n<p>@JavierEPeralta<\/p>\n","protected":false},"excerpt":{"rendered":"<p>D\u00edas cortos para una condena larga Como quiera los d\u00edas son los m\u00e1s cortos del a\u00f1o. Apenas saltamos de la cama y el reloj arranca una carrera loca por querer llegar a las seis de la tarde, cuando la noche cae sin pre\u00e1mbulo alguno, sin nubes rojizas, sin nada. Simplemente las luminarias se prenden en [&hellip;]<\/p>\n","protected":false},"author":10,"featured_media":0,"comment_status":"closed","ping_status":"open","sticky":false,"template":"","format":"standard","meta":{"footnotes":""},"categories":[49,42],"tags":[],"class_list":["post-141161","post","type-post","status-publish","format-standard","hentry","category-javier-peralta","category-nuestrapalabra"],"_links":{"self":[{"href":"https:\/\/plazajuarez.mx\/historico\/wp-json\/wp\/v2\/posts\/141161","targetHints":{"allow":["GET"]}}],"collection":[{"href":"https:\/\/plazajuarez.mx\/historico\/wp-json\/wp\/v2\/posts"}],"about":[{"href":"https:\/\/plazajuarez.mx\/historico\/wp-json\/wp\/v2\/types\/post"}],"author":[{"embeddable":true,"href":"https:\/\/plazajuarez.mx\/historico\/wp-json\/wp\/v2\/users\/10"}],"replies":[{"embeddable":true,"href":"https:\/\/plazajuarez.mx\/historico\/wp-json\/wp\/v2\/comments?post=141161"}],"version-history":[{"count":0,"href":"https:\/\/plazajuarez.mx\/historico\/wp-json\/wp\/v2\/posts\/141161\/revisions"}],"wp:attachment":[{"href":"https:\/\/plazajuarez.mx\/historico\/wp-json\/wp\/v2\/media?parent=141161"}],"wp:term":[{"taxonomy":"category","embeddable":true,"href":"https:\/\/plazajuarez.mx\/historico\/wp-json\/wp\/v2\/categories?post=141161"},{"taxonomy":"post_tag","embeddable":true,"href":"https:\/\/plazajuarez.mx\/historico\/wp-json\/wp\/v2\/tags?post=141161"}],"curies":[{"name":"wp","href":"https:\/\/api.w.org\/{rel}","templated":true}]}}