{"id":141159,"date":"2020-11-19T06:59:58","date_gmt":"2020-11-19T12:59:58","guid":{"rendered":"https:\/\/plazajuarez.mx\/?p=141159"},"modified":"2020-11-19T07:00:16","modified_gmt":"2020-11-19T13:00:16","slug":"alfil-negro-1963","status":"publish","type":"post","link":"https:\/\/plazajuarez.mx\/historico\/alfil-negro-1963\/","title":{"rendered":"ALFIL NEGRO"},"content":{"rendered":"\n<h2 class=\"wp-block-heading\"><strong>NO SE RESIGNAN AL CIERRE DE LA MINA<\/strong><\/h2>\n\n\n\n<!--more-->\n\n\n\n<p>Ser due\u00f1os de una mina que generaba buenos dividendos para mucha gente, con una bandera noble como es la causa de los pobres, debe ser terrible, porque eso de ver que sus m\u00e9todos de lograr dinero ya no funcionan, aunque se den plantones, marchas y amenazas, y otro tipo de presiones, como que no les causa mucha gracia.<\/p>\n\n\n\n<p>Hasta hace poco, antes de AMLO, eran muchas las organizaciones, supuestamente de tipo social, que lograban buenos apoyos en dinero para sus proyectos, se supone para el bien de los m\u00e1s necesitados; aunque la revisi\u00f3n de estos dineros no se hiciera con certeza y siempre quedaba la duda de su aplicaci\u00f3n.<\/p>\n\n\n\n<p>Con este m\u00e9todo, estas organizaciones crecieron y se fortalecieron con una clientela que al final les dio poder pol\u00edtico, incluso con cargos de fuerza en puestos importantes, que sin la responsabilidad de partido pol\u00edtico, en los tiempos electorales eran una fuerza que contaba para las apuestas electorales.<\/p>\n\n\n\n<p>La fuente de su poder radicaba en la forma como pod\u00edan obtener recursos, que aumentaba su fuerza entre mucha poblaci\u00f3n que ve\u00eda alg\u00fan logr\u00f3 aunque no fuera todo.<\/p>\n\n\n\n<p>La llegada de Obrador a la Presidencia de la Rep\u00fablica, acab\u00f3 con la mina de oro.<\/p>\n\n\n\n<p>Decidi\u00f3 el Jefe de la Naci\u00f3n, que no hubiera m\u00e1s dinero para estas organizaciones, porque dijo que se quedaban con los dineros en negocio redondo.<\/p>\n\n\n\n<p>Y no hubo dinero ya para ellos.<\/p>\n\n\n\n<p>El Presidente fue muy claro cuando dijo que la entrega de dinero ser\u00e1 directa a los beneficiados, aunque no les guste a quienes estaban acostumbrados a jinetearlo y manejar el dinero del presupuesto, y se quedaban con una cantidad considerable y que ni con gritos y sombrerazos, ni insultos ni nada, evitar\u00e1n que se acabe la corrupci\u00f3n.<\/p>\n\n\n\n<p>Esto lo dijo en Cholula,&nbsp; Puebla, donde la agrupaci\u00f3n de Antorchistas manifestaba su enojo por la decisi\u00f3n presidencial.<\/p>\n\n\n\n<p>Actualmente hay un plant\u00f3n antorchista en Plaza Ju\u00e1rez, con reclamos de pago para maestros de una escuela antorchista en Pachuca.<\/p>\n\n\n\n<p>La escuela al parecer tiene clave de escuela particular, que posiblemente en alg\u00fan momento pudo recibir apoyos, que las circunstancias actuales parecen no permitirlo por la situaci\u00f3n econ\u00f3mica de M\u00e9xico y porque el pago de maestros los hace la federaci\u00f3n, no el estado.<\/p>\n\n\n\n<p>Sin embargo, este hecho es s\u00edmbolo de la manera en que agrupaciones que antes lograban buenos apoyos, ahora ya no.<\/p>\n\n\n\n<p><strong>Ni modo, la mina se cerr\u00f3.<\/strong><\/p>\n","protected":false},"excerpt":{"rendered":"<p>NO SE RESIGNAN AL CIERRE DE LA MINA<\/p>\n","protected":false},"author":83,"featured_media":0,"comment_status":"closed","ping_status":"open","sticky":false,"template":"","format":"standard","meta":{"footnotes":""},"categories":[48,42],"tags":[],"class_list":["post-141159","post","type-post","status-publish","format-standard","hentry","category-adalberto-peralta","category-nuestrapalabra"],"_links":{"self":[{"href":"https:\/\/plazajuarez.mx\/historico\/wp-json\/wp\/v2\/posts\/141159","targetHints":{"allow":["GET"]}}],"collection":[{"href":"https:\/\/plazajuarez.mx\/historico\/wp-json\/wp\/v2\/posts"}],"about":[{"href":"https:\/\/plazajuarez.mx\/historico\/wp-json\/wp\/v2\/types\/post"}],"author":[{"embeddable":true,"href":"https:\/\/plazajuarez.mx\/historico\/wp-json\/wp\/v2\/users\/83"}],"replies":[{"embeddable":true,"href":"https:\/\/plazajuarez.mx\/historico\/wp-json\/wp\/v2\/comments?post=141159"}],"version-history":[{"count":0,"href":"https:\/\/plazajuarez.mx\/historico\/wp-json\/wp\/v2\/posts\/141159\/revisions"}],"wp:attachment":[{"href":"https:\/\/plazajuarez.mx\/historico\/wp-json\/wp\/v2\/media?parent=141159"}],"wp:term":[{"taxonomy":"category","embeddable":true,"href":"https:\/\/plazajuarez.mx\/historico\/wp-json\/wp\/v2\/categories?post=141159"},{"taxonomy":"post_tag","embeddable":true,"href":"https:\/\/plazajuarez.mx\/historico\/wp-json\/wp\/v2\/tags?post=141159"}],"curies":[{"name":"wp","href":"https:\/\/api.w.org\/{rel}","templated":true}]}}