{"id":141052,"date":"2020-11-18T08:05:41","date_gmt":"2020-11-18T14:05:41","guid":{"rendered":"https:\/\/plazajuarez.mx\/?p=141052"},"modified":"2020-11-18T08:05:59","modified_gmt":"2020-11-18T14:05:59","slug":"retratos-hablados-1007","status":"publish","type":"post","link":"https:\/\/plazajuarez.mx\/historico\/retratos-hablados-1007\/","title":{"rendered":"RETRATOS HABLADOS"},"content":{"rendered":"\n<h2 class=\"wp-block-heading\"><strong>Legisladores federales, \u00bfpara qu\u00e9?<\/strong><\/h2>\n\n\n\n<p>2021 se perfila como un a\u00f1o complicado en todo el sentido para el pa\u00eds, y no se diga para el Estado de Hidalgo, luego que fue aprobado sin ninguna objeci\u00f3n por parte de nuestros diputados federales, un recorte de dos mil 300 millones de pesos en el Presupuesto de Egresos de la Federaci\u00f3n. Es decir que quienes supuestamente tienen la voz de usted, de todos los habitantes de la entidad, decidieron que era m\u00e1s importante su propio proyecto pol\u00edtico que el futuro de quienes los llevaron a ocupar un puesto en el Congreso de la Uni\u00f3n.<\/p>\n\n\n\n<p>Solo la representante de Acci\u00f3n Nacional, Gloria Romero, intent\u00f3 cuando menos impedir esta acci\u00f3n, lo que no sirvi\u00f3 de nada porque sus hom\u00f3logas de Morena-Grupo Universidad, levantaron la mano al un\u00edsono para aplaudir que disminuyeran recursos destinados al Fondo de Aportaciones, Protecci\u00f3n Social en Salud, Fondo General de Participaci\u00f3n y el de Protecci\u00f3n Social en Salud y Seguridad, entre otros.<\/p>\n\n\n\n<p>Anote usted los siguientes nombres: Simey Olvera, Lidia Garc\u00eda, Julio C\u00e9sar \u00c1ngeles, Mar\u00eda Isabel Alfaro, Marivel Sol\u00eds y Jannet T\u00e9llez, legisladoras federales que llegaron al cargo v\u00eda Morena, pero fundamentalmente por intervenci\u00f3n directa del a\u00fan dirigente del Grupo Universidad, hoy recluido en el penal de Almoloya de Ju\u00e1rez, acusado por delincuencia organizada, lavado de dinero y operaciones con recursos de procedencia il\u00edcita.<\/p>\n\n\n\n<p>Incluso en el caso de Lidia Garc\u00eda fue colocada como Presidenta emergente del Patronato Universitario, cargo que ten\u00eda el hoy inquilino de El Altiplano, y desde donde se afirma, logr\u00f3 dar origen a m\u00e1s de 23 \u201cEmpresas universitarias\u201d, que habr\u00edan sido utilizadas como \u201cempresas fachada\u201d para el lavado de recursos. Garc\u00eda lleg\u00f3 al cargo que combina con su tarea de diputada federal por instrucciones expresas del personaje citado.<\/p>\n\n\n\n<p>Otra, Marivel Sol\u00eds, empieza a ser manejada como virtual sucesora del actual rector de la Universidad Aut\u00f3noma del Estado de Hidalgo, Adolfo Pontigo Loyola, y como una medida directa de quien todav\u00eda conserva todos los instrumentos de decisi\u00f3n al interior de la M\u00e1xima Casa de Estudios de la entidad.<\/p>\n\n\n\n<p>El resto de los representantes federales morenistas tambi\u00e9n son considerados pupilos y pupilas del personaje que ha dejado correr la versi\u00f3n que el 1 de diciembre abandonar\u00e1 el penal de Almoloya, para enfrentar su proceso en libertad luego de arreglos de \u201cmuy alto nivel\u201d, que sin embargo empiezan a ser considerados inexistentes.<\/p>\n\n\n\n<p>El hecho fundamental sin embargo es que quienes deb\u00edan haber buscado los mecanismos necesarios para evitar un recorte presupuestal tan preocupante para la entidad hidalguense el pr\u00f3ximo a\u00f1o, decidieron avalar esta propuesta de frente a la elecci\u00f3n del 2021 en que concluir\u00e1n su gesti\u00f3n como representantes de los diferentes distritos electorales que conforman la geograf\u00eda del Estado.<\/p>\n\n\n\n<p>No se trata por supuesto de un hecho in\u00e9dito, porque en acciones de mayoriteo a la oposici\u00f3n tenemos amplia experiencia en el pa\u00eds. Sin embargo, se aplica a partir de un nuevo proyecto pol\u00edtico y que hoy afecta directamente a poblaciones vulnerables, sin que se sepa a ciencia cierta de qu\u00e9 manera habr\u00e1n de subsanarse las consecuencias negativas que sin duda se presentar\u00e1n.<\/p>\n\n\n\n<p>Una historia de todos conocida con personajes nada diferentes a los del pasado, pero que adem\u00e1s son guiados a control remoto por quien dispone a su antojo de sus acciones, con todo y que a\u00fan permanece en prisi\u00f3n.<\/p>\n\n\n\n<p><strong>Mil gracias, hasta ma\u00f1ana.<\/strong><\/p>\n\n\n\n<p><a href=\"mailto:jeperalta@plazajuarez.mx\/historico\/historico\">jeperalta@plazajuarez.mx\/historico\/historico<\/a><\/p>\n\n\n\n<p>@JavierEPeralta<\/p>\n","protected":false},"excerpt":{"rendered":"<p>Legisladores federales, \u00bfpara qu\u00e9? 2021 se perfila como un a\u00f1o complicado en todo el sentido para el pa\u00eds, y no se diga para el Estado de Hidalgo, luego que fue aprobado sin ninguna objeci\u00f3n por parte de nuestros diputados federales, un recorte de dos mil 300 millones de pesos en el Presupuesto de Egresos de [&hellip;]<\/p>\n","protected":false},"author":10,"featured_media":0,"comment_status":"closed","ping_status":"open","sticky":false,"template":"","format":"standard","meta":{"footnotes":""},"categories":[49,42],"tags":[],"class_list":["post-141052","post","type-post","status-publish","format-standard","hentry","category-javier-peralta","category-nuestrapalabra"],"_links":{"self":[{"href":"https:\/\/plazajuarez.mx\/historico\/wp-json\/wp\/v2\/posts\/141052","targetHints":{"allow":["GET"]}}],"collection":[{"href":"https:\/\/plazajuarez.mx\/historico\/wp-json\/wp\/v2\/posts"}],"about":[{"href":"https:\/\/plazajuarez.mx\/historico\/wp-json\/wp\/v2\/types\/post"}],"author":[{"embeddable":true,"href":"https:\/\/plazajuarez.mx\/historico\/wp-json\/wp\/v2\/users\/10"}],"replies":[{"embeddable":true,"href":"https:\/\/plazajuarez.mx\/historico\/wp-json\/wp\/v2\/comments?post=141052"}],"version-history":[{"count":0,"href":"https:\/\/plazajuarez.mx\/historico\/wp-json\/wp\/v2\/posts\/141052\/revisions"}],"wp:attachment":[{"href":"https:\/\/plazajuarez.mx\/historico\/wp-json\/wp\/v2\/media?parent=141052"}],"wp:term":[{"taxonomy":"category","embeddable":true,"href":"https:\/\/plazajuarez.mx\/historico\/wp-json\/wp\/v2\/categories?post=141052"},{"taxonomy":"post_tag","embeddable":true,"href":"https:\/\/plazajuarez.mx\/historico\/wp-json\/wp\/v2\/tags?post=141052"}],"curies":[{"name":"wp","href":"https:\/\/api.w.org\/{rel}","templated":true}]}}