{"id":14101,"date":"2015-11-30T12:00:14","date_gmt":"2015-11-30T12:00:14","guid":{"rendered":"http:\/\/plazajuarez.mx\/index\/index.php\/2015\/11\/30\/ahora-o-la-catastrofe\/"},"modified":"2015-11-30T12:00:14","modified_gmt":"2015-11-30T12:00:14","slug":"ahora-o-la-catastrofe","status":"publish","type":"post","link":"https:\/\/plazajuarez.mx\/historico\/ahora-o-la-catastrofe\/","title":{"rendered":"Ahora o la cat\u00e1strofe"},"content":{"rendered":"<p>Gran Angular\u00a0\u00a0 \u00a0<\/p>\n<p>  <!--more-->  <\/p>\n<p>Ha iniciado en Par\u00eds la Cumbre de las Naciones Unidas COP 21 sobre Cambio Clim\u00e1tico, encuentro entre jefes de Estado y de Gobierno que quiz\u00e1 sea la \u00faltima oportunidad de alcanzar un acuerdo para detener el calentamiento de la Tierra y sus devastadoras consecuencias, que la comunidad cient\u00edfica ha previsto, de seguir como vamos, no m\u00e1s all\u00e1 de 50 a\u00f1os. <br \/>La atm\u00f3sfera est\u00e1 compuesta por gases (nitr\u00f3geno, ox\u00edgeno, arg\u00f3n y di\u00f3xido de carbono) que retienen radiaci\u00f3n t\u00e9rmica que la superficie de la Tierra emite luego de recibirla del Sol. Eso es lo que se llama efecto invernadero: una especie de regulador natural de la temperatura del planeta, sin el que estar\u00edamos a 18 grados bajo cero, lo que har\u00eda inviable la vida. <br \/>\u00bfA qu\u00e9 se debe entonces el sobrecalentamiento de la Tierra? Pues resulta que durante muchos a\u00f1os ha crecido desmesuradamente la presencia en la atm\u00f3sfera del di\u00f3xido de carbono (CO2) ocasionado por el consumo de energ\u00edas f\u00f3siles, es decir, petr\u00f3leo, gas natural y carb\u00f3n. A mayor presencia de CO2 en la atm\u00f3sfera, mayor retenci\u00f3n de la radiaci\u00f3n de la superficie terrestre y, por lo tanto, sobrecalentamiento. Este es el efecto invernadero antropog\u00e9nico, es decir, el provocado por el hombre. <br \/>Los cient\u00edficos establecen en 15 grados la temperatura promedio de la Tierra, con variaciones naturales al alza o a la baja. El problema es cuando la variaci\u00f3n es sostenida. Eso es lo que ahora ocurre por la excesiva generaci\u00f3n de gases de efecto invernadero. <br \/>La temperatura media de la Tierra se ha calentado 0.8% de 1880 a la fecha. En los \u00faltimos 50 a\u00f1os de ese lapso, el aumento ha sido sostenido. Este dato lo ejemplifica: 2014 fue el trig\u00e9simo octavo a\u00f1o con temperaturas arriba de la media. De seguir as\u00ed, estiman los cient\u00edficos, la temperatura de la Tierra habr\u00e1 aumentado dos grados en dos d\u00e9cadas. Y tal aumento ser\u00eda la cat\u00e1strofe: huracanes devastadores, deshielo de casquetes polares, sequ\u00edas extremas, heladas inmisericordes, ruptura, pues, del equilibrio del planeta. <br \/>\u00bfC\u00f3mo evitarlo? La l\u00f3gica, lo inmediato, nos dice que reduciendo la emisi\u00f3n de gases de efecto invernadero. Y \u00bfc\u00f3mo conseguirlo? Reduciendo el consumo de petr\u00f3leo, gas natural y carb\u00f3n, para sustituirlos por energ\u00edas renovables y\/o limpias. <br \/>Para conseguir ese objetivo la ONU trabaja en el tema con pocos avances reales. En 1992, durante lo que se conoci\u00f3 como la Cumbre de la Tierra de Rio de Janeiro, se adopt\u00f3 un acuerdo de reducci\u00f3n en la emisi\u00f3n de gases. Naciones Unidas lo desarroll\u00f3 en 1997 durante la Cumbre celebrada en Kioto, Jap\u00f3n. De ah\u00ed que se le conozca como Protocolo de Kioto. Ciento ochenta y siete pa\u00edses se comprometieron a reducir 5% la emisi\u00f3n de gases de efecto invernadero en un primer periodo (de 2008 a 2012), tomando como referencia los niveles de 1990. <br \/>A ratificar el acuerdo se comprometieron los pa\u00edses que generan 55% de esas emisiones (China con 23.2% del total, EUA con 12.64%, India con 6.3%, Rusia con 4.9%, Indonesia con 4.3%, Brasil con 3.96% y Jap\u00f3n 2.6%. Ni China ni Estados Unidos, sin embargo, ratificaron el Protocolo de Kioto. A\u00fan as\u00ed, la ONU abri\u00f3 un segundo periodo de aplicaci\u00f3n (de 2013 a 2020), pero nuevamente con un muy d\u00e9bil compromiso de las naciones m\u00e1s industrializadas, las m\u00e1s contaminantes. <br \/>\u00bfQu\u00e9 se espera de la Cumbre de Par\u00eds? Pues un acuerdo m\u00e1s concreto y obligatorio. M\u00e9xico, sede de la Cumbre de 2010, ha tenido en esto una posici\u00f3n de avanzada y ha empujado, entre muchas otras, la propuesta de fijar un precio al carbono, con el objetivo de encarecer su consumo para incentivar el desarrollo de energ\u00edas renovables y limpias. Eso es lo que se conoce como transici\u00f3n energ\u00e9tica, un tema en el que el gobierno mexicano pretend\u00eda llevar a Par\u00eds una ley aprobada sobre la materia. <br \/>Fue aprobada, s\u00ed, por la C\u00e1mara de Diputados, pero lleva m\u00e1s de un a\u00f1o atorada en el Senado por los poderosos intereses de los carboneros y la industria sider\u00fargica. Una ventaja en la Cumbre de Par\u00eds es que las grandes empresas trasnacionales han adoptado el compromiso de dar un paso con el tema del carb\u00f3n. <br \/>Tales son los esfuerzos y los instrumentos que hay para detener la emisi\u00f3n de gases de efecto invernadero y con ello frenar y revertir el sobrecalentamiento global. Pero s\u00f3lo ser\u00e1n paliativos. La soluci\u00f3n de fondo est\u00e1 en el cambio del modelo global de desarrollo. Y es ahora o la cat\u00e1strofe. <br \/>t@RaulRodriguezC \u00a0\u00a0 \u00a0\u00a0\u00a0 \u00a0<\/p>\n","protected":false},"excerpt":{"rendered":"<p>Gran Angular\u00a0\u00a0 \u00a0<\/p>\n","protected":false},"author":93,"featured_media":0,"comment_status":"open","ping_status":"open","sticky":false,"template":"","format":"standard","meta":{"footnotes":""},"categories":[42],"tags":[],"class_list":["post-14101","post","type-post","status-publish","format-standard","hentry","category-nuestrapalabra"],"_links":{"self":[{"href":"https:\/\/plazajuarez.mx\/historico\/wp-json\/wp\/v2\/posts\/14101","targetHints":{"allow":["GET"]}}],"collection":[{"href":"https:\/\/plazajuarez.mx\/historico\/wp-json\/wp\/v2\/posts"}],"about":[{"href":"https:\/\/plazajuarez.mx\/historico\/wp-json\/wp\/v2\/types\/post"}],"author":[{"embeddable":true,"href":"https:\/\/plazajuarez.mx\/historico\/wp-json\/wp\/v2\/users\/93"}],"replies":[{"embeddable":true,"href":"https:\/\/plazajuarez.mx\/historico\/wp-json\/wp\/v2\/comments?post=14101"}],"version-history":[{"count":0,"href":"https:\/\/plazajuarez.mx\/historico\/wp-json\/wp\/v2\/posts\/14101\/revisions"}],"wp:attachment":[{"href":"https:\/\/plazajuarez.mx\/historico\/wp-json\/wp\/v2\/media?parent=14101"}],"wp:term":[{"taxonomy":"category","embeddable":true,"href":"https:\/\/plazajuarez.mx\/historico\/wp-json\/wp\/v2\/categories?post=14101"},{"taxonomy":"post_tag","embeddable":true,"href":"https:\/\/plazajuarez.mx\/historico\/wp-json\/wp\/v2\/tags?post=14101"}],"curies":[{"name":"wp","href":"https:\/\/api.w.org\/{rel}","templated":true}]}}