{"id":14100,"date":"2015-11-30T11:59:52","date_gmt":"2015-11-30T11:59:52","guid":{"rendered":"http:\/\/plazajuarez.mx\/index\/index.php\/2015\/11\/30\/fiscalia-electoral-vs-pvem\/"},"modified":"2015-11-30T11:59:52","modified_gmt":"2015-11-30T11:59:52","slug":"fiscalia-electoral-vs-pvem","status":"publish","type":"post","link":"https:\/\/plazajuarez.mx\/historico\/fiscalia-electoral-vs-pvem\/","title":{"rendered":"Fiscal\u00eda electoral vs. PVEM"},"content":{"rendered":"<p>Sorpresiva result\u00f3 la solicitud de orden de aprehensi\u00f3n solicitada contra el subsecretario Arturo Escobar por parte de la Fiscal\u00eda Especializada para la Atenci\u00f3n de Delitos Electorales (FEPADE).<\/p>\n<p>  <!--more-->  <\/p>\n<p>Desde el principio fue una mala decisi\u00f3n su nombramiento, pues como dijeron varias organizaciones, se pon\u00eda en manos de un probable delincuente (electoral) la prevenci\u00f3n de la delincuencia. Sorpresiva no porque se pensara a Escobar incapaz de incurrir en aquello de que se le acusa. Aunque no se le sancion\u00f3 \u2014ni siquiera se investig\u00f3\u2014 haber sido sorprendido en Chiapas con m\u00e1s de un mill\u00f3n de pesos en efectivo, todos los indicios apuntaban a un probable delito electoral (a Javier Duarte, hoy gobernador de Veracruz, se le encontr\u00f3 con 25 millones en efectivo, y tampoco nada). Y sobre todo, trat\u00e1ndose de uno de los m\u00e1ximos dirigentes del Partido Verde, es altamente probable que Escobar hubiera participado en uno o m\u00e1s de los il\u00edcitos graves y sistem\u00e1ticos que tanto el INE como el Tribunal Electoral confirmaron en el caso de ese partido (si bien el primero decidi\u00f3 inventar argumentos risibles para darle la vuelta a la estricta aplicaci\u00f3n la ley). Entonces a nadie sorprende ni extra\u00f1a, supongo, que Escobar pudiera estar implicado en algunos de esos il\u00edcitos administrativos que tambi\u00e9n suponen un delito electoral, tipificados en los art\u00edculos 7 y 15 de la nueva Ley General en Materia de Delitos Electorales. Del 7, Escobar es acusado de solicitar proveer \u201cbienes y servicios a las campa\u00f1as electorales sin formar parte del padr\u00f3n de proveedores autorizados por el \u00f3rgano electoral administrativo\u201d, delito castigado con prisi\u00f3n de seis meses a tres a\u00f1os. Y el 15 habla de penalizar a quien \u201crealice, destine, utilice o reciba aportaciones de dinero o en especie a favor de alg\u00fan precandidato, candidato, partido pol\u00edtico, coalici\u00f3n o agrupaci\u00f3n pol\u00edtica cuando exista una prohibici\u00f3n legal para ello\u201d, como ser\u00eda el caso. La pena prevista es de cinco a quince a\u00f1os de c\u00e1rcel, pero se va hasta una mitad m\u00e1s cuando \u201cla conducta se realice en apoyo de una precampa\u00f1a o campa\u00f1a electoral\u201d como ocurri\u00f3. <br \/>Lo sorpresivo no ser\u00eda pues la presunta comisi\u00f3n de esos delitos por parte de Escobar, sino que la FEPADE actuara en su contra, siendo subsecretario. Hasta ahora, la FEPADE ha brillado por su ausencia e ineficacia. Apenas se anul\u00f3 la elecci\u00f3n de Colima, pregunt\u00e1bamos en este espacio si los responsables de los delitos que provocaron dicha decisi\u00f3n ser\u00edan llamados por la FEPADE, trat\u00e1ndose de altos funcionarios del gobierno de aquella entidad (caso que est\u00e1 pendiente). Pero ahora vemos esta inesperada acci\u00f3n contra un subsecretario de Gobernaci\u00f3n. Es cierto que no hace mucho que la FEPADE adquiri\u00f3 autonom\u00eda t\u00e9cnica respecto de la PGR, adem\u00e1s de que su titular no es nombrado desde el Ejecutivo, sino por el Senado. La especulaci\u00f3n de este hecho gira en torno a si estamos presenciando los efectos de esa nueva autonom\u00eda o bien si est\u00e1 respondiendo a se\u00f1ales de arriba para deshacerse por medio de esta v\u00eda de tan molesto personaje (a quien se habr\u00eda nombrado como pago \u2014como \u00e9l mismo dijo\u2014 por la alianza con el Verde, que se tradujo en que el gobierno tenga mayor\u00eda absoluta en la C\u00e1mara Baja). <br \/>Ojal\u00e1 estuvi\u00e9ramos en la primera hip\u00f3tesis, pero hay elementos para pensar que la FEPADE est\u00e1 respaldando una jugada pol\u00edtica instrumentada \u2014o al menos tolerada\u2014 desde el propio gobierno. El hecho mismo de haber hecho p\u00fablica su solicitud de orden de aprehensi\u00f3n, as\u00ed lo sugiere. En cuyo caso una decisi\u00f3n como esta no ser\u00eda sino una golondrina que no hace verano (como suele ocurrir en nuestro r\u00e9gimen, que no termina por romper el c\u00edrculo vicioso de impunidad-corrupci\u00f3n). Podr\u00eda ser que se le exonere a Escobar de los cargos que se le imputan, pero la opini\u00f3n p\u00fablica no pensar\u00e1 que eso ocurre porque se le levantaron falsas acusaciones, sino que el Poder Judicial sigue estando esencialmente podrido. Falta por ver si el desenlace de este episodio sentar\u00e1 un sano precedente o ser\u00e1, como casi todo lo que ocurre en materia de impunidad, una hoja m\u00e1s que se lleva el viento. <br \/>www.trilogiadelaconquista.com \u00a0\u00a0 \u00a0\u00a0\u00a0 \u00a0<\/p>\n","protected":false},"excerpt":{"rendered":"<p>Sorpresiva result\u00f3 la solicitud de orden de aprehensi\u00f3n solicitada contra el subsecretario Arturo Escobar por parte de la Fiscal\u00eda Especializada para la Atenci\u00f3n de Delitos Electorales (FEPADE).<\/p>\n","protected":false},"author":93,"featured_media":0,"comment_status":"open","ping_status":"open","sticky":false,"template":"","format":"standard","meta":{"footnotes":""},"categories":[42],"tags":[],"class_list":["post-14100","post","type-post","status-publish","format-standard","hentry","category-nuestrapalabra"],"_links":{"self":[{"href":"https:\/\/plazajuarez.mx\/historico\/wp-json\/wp\/v2\/posts\/14100","targetHints":{"allow":["GET"]}}],"collection":[{"href":"https:\/\/plazajuarez.mx\/historico\/wp-json\/wp\/v2\/posts"}],"about":[{"href":"https:\/\/plazajuarez.mx\/historico\/wp-json\/wp\/v2\/types\/post"}],"author":[{"embeddable":true,"href":"https:\/\/plazajuarez.mx\/historico\/wp-json\/wp\/v2\/users\/93"}],"replies":[{"embeddable":true,"href":"https:\/\/plazajuarez.mx\/historico\/wp-json\/wp\/v2\/comments?post=14100"}],"version-history":[{"count":0,"href":"https:\/\/plazajuarez.mx\/historico\/wp-json\/wp\/v2\/posts\/14100\/revisions"}],"wp:attachment":[{"href":"https:\/\/plazajuarez.mx\/historico\/wp-json\/wp\/v2\/media?parent=14100"}],"wp:term":[{"taxonomy":"category","embeddable":true,"href":"https:\/\/plazajuarez.mx\/historico\/wp-json\/wp\/v2\/categories?post=14100"},{"taxonomy":"post_tag","embeddable":true,"href":"https:\/\/plazajuarez.mx\/historico\/wp-json\/wp\/v2\/tags?post=14100"}],"curies":[{"name":"wp","href":"https:\/\/api.w.org\/{rel}","templated":true}]}}