{"id":14099,"date":"2015-11-30T11:59:29","date_gmt":"2015-11-30T11:59:29","guid":{"rendered":"http:\/\/plazajuarez.mx\/index\/index.php\/2015\/11\/30\/tener-buenos-maestros\/"},"modified":"2015-11-30T11:59:29","modified_gmt":"2015-11-30T11:59:29","slug":"tener-buenos-maestros","status":"publish","type":"post","link":"https:\/\/plazajuarez.mx\/historico\/tener-buenos-maestros\/","title":{"rendered":"Tener buenos maestros"},"content":{"rendered":"<p>Vitral Pol\u00edtico\u00a0\u00a0 \u00a0 <\/p>\n<p>  <!--more-->  <\/p>\n<p>M\u00e1s que la ideolog\u00eda socialista, las estrategias de combate pol\u00edtico de izquierda de la Coordinadora Nacional de Trabajadores de la Educaci\u00f3n (CNTE) y de la Coordinadora Estatal de Trabajadores de la Educaci\u00f3n de Guerrero (CETEG), han obstruido la aplicaci\u00f3n de la reforma educativa en regiones muy pobres. <br \/>Este fin de semana, el gobierno federal aplic\u00f3 el examen que la ley educativa ordena a los maestros, pero por el rechazo de ese peque\u00f1o sector, lo hizo con el resguardo de la Polic\u00eda Federal, en Oaxaca. <br \/>En el Senado, el perredista Miguel Barbosa estuvo de acuerdo con el operativo de seguridad p\u00fablica y con la voluntad de cumplir la ley, por parte de Aurelio Nu\u00f1o, secretario de Educaci\u00f3n P\u00fablica. <br \/>En contraste, el tambi\u00e9n perredista y vicepresidente de la C\u00e1mara de Diputados, Alejandro Ojeda, acus\u00f3 de represor a Nu\u00f1o, por el operativo que contuvo las agresiones de la CNTE en Oaxaca, contra el derecho de los mexicanos a tener buenos maestros. En la izquierda tambi\u00e9n hay reaccionarios&#8230; <br \/>EMPLOMADO.\u2014 El senador Emilio Gamboa Patr\u00f3n, tiene dos semanas complejas antes del cierre de periodo de sesiones: Cuidar\u00e1 la elecci\u00f3n de una ministra y un ministro de la Suprema Corte, y una agenda de reformas en las cuales construir acuerdos ha sido cada vez m\u00e1s dif\u00edcil para los liderazgos parlamentarios, porque la clase pol\u00edtica ya todo lo procesa a la vista del 2018. <br \/>CONTRASTE.\u2014 El jerarca pri\u00edsta, Manlio Fabio Beltrones, ha ido a varios estados a amarrar las correas de transmisi\u00f3n para garantiza la unidad en las selecciones de candidatos. Tal y como fue uno de los acuerdos del Consejo Pol\u00edtico Nacional, el sonorense recuerda que el PRI estar\u00e1 blindado, desde el surgimiento de aspirantes, precandidatos y candidatos, contra la infiltraci\u00f3n de la delincuencia organizada y del uso de recursos de procedencia il\u00edcita. A quienes lo escuchan, les queda claro el mensaje\u2026 <br \/>VENTANAL.\u2014 Mientras que para la candidatura a gobernador de Durango, m\u00e1s de una decena de pri\u00edstas espera la oportunidad, el panista Jos\u00e9 Rosas Aispuro Torres, vicepresidente del Senado, dio su informe legislativo, en un ambiente de destape sin contendiente para ser candidato. <br \/>Don Jos\u00e9 Rosas, ante miles de seguidores, se comprometi\u00f3 a presentar sus declaraciones patrimonial, fiscal y de conflicto de inter\u00e9s. Esta decisi\u00f3n, sin duda, marcar\u00e1 pauta en la tierra de Doroteo Arango. <br \/>VIDRIOS SUELTOS.\u2014 Este lunes volver\u00e1n a la carga los senadores del PRD, m\u00e1s el panista Javier Corral, contra unos ajustes al decreto del &#8220;apag\u00f3n anal\u00f3gico&#8221;, en los que acusan intereses econ\u00f3micos. En un debate acalorado, como pocos, el senador Roberto Gil dijo que se legisla para los concesionarios comunitarios, pero lo ha dicho en el pa\u00eds donde las aclaraciones son incre\u00edbles. As\u00ed que tendr\u00e1 que insistir en el impacto verdadero de su propuesta&#8230; <br \/>COLORES.\u2014 Un invierno pol\u00edticamente caluroso se pronostica para Chihuahua, y en el hervor del caldero pri\u00edsta ya asoma el alcalde de la capital, Javier Garfio Pacheco, con el apoyo de unos 40 presidentes municipales. Don Javier ha sido secretario de Comunicaciones y Transportes del gobernador C\u00e9sar Duarte Jaquez, y cuando haya auscultaci\u00f3n por parte de Manlio Fabio Beltrones, mostrar\u00e1 datos de crecimiento econ\u00f3mico y deuda cero&#8230; <br \/>LUZ.\u2014 Algo m\u00e1s que un plan de aeropuerto tiene Andr\u00e9s Manuel L\u00f3pez Obrador: \u201cYa estoy haciendo los proyectos para cuando ganemos la Presidencia, y desde el primer d\u00eda se empiece a trabajar&#8221;&#8230; <br \/>VITRAL SOCIAL.\u2014 El 066 atiende llamadas de auxilio a Polic\u00eda, ambulancias, bomberos, Protecci\u00f3n Civil y Ej\u00e9rcito&#8230; \u00a0\u00a0 \u00a0\u00a0\u00a0 \u00a0<\/p>\n","protected":false},"excerpt":{"rendered":"<p>Vitral Pol\u00edtico\u00a0\u00a0 \u00a0<\/p>\n","protected":false},"author":93,"featured_media":0,"comment_status":"open","ping_status":"open","sticky":false,"template":"","format":"standard","meta":{"footnotes":""},"categories":[42],"tags":[],"class_list":["post-14099","post","type-post","status-publish","format-standard","hentry","category-nuestrapalabra"],"_links":{"self":[{"href":"https:\/\/plazajuarez.mx\/historico\/wp-json\/wp\/v2\/posts\/14099","targetHints":{"allow":["GET"]}}],"collection":[{"href":"https:\/\/plazajuarez.mx\/historico\/wp-json\/wp\/v2\/posts"}],"about":[{"href":"https:\/\/plazajuarez.mx\/historico\/wp-json\/wp\/v2\/types\/post"}],"author":[{"embeddable":true,"href":"https:\/\/plazajuarez.mx\/historico\/wp-json\/wp\/v2\/users\/93"}],"replies":[{"embeddable":true,"href":"https:\/\/plazajuarez.mx\/historico\/wp-json\/wp\/v2\/comments?post=14099"}],"version-history":[{"count":0,"href":"https:\/\/plazajuarez.mx\/historico\/wp-json\/wp\/v2\/posts\/14099\/revisions"}],"wp:attachment":[{"href":"https:\/\/plazajuarez.mx\/historico\/wp-json\/wp\/v2\/media?parent=14099"}],"wp:term":[{"taxonomy":"category","embeddable":true,"href":"https:\/\/plazajuarez.mx\/historico\/wp-json\/wp\/v2\/categories?post=14099"},{"taxonomy":"post_tag","embeddable":true,"href":"https:\/\/plazajuarez.mx\/historico\/wp-json\/wp\/v2\/tags?post=14099"}],"curies":[{"name":"wp","href":"https:\/\/api.w.org\/{rel}","templated":true}]}}