{"id":14097,"date":"2015-11-30T11:57:38","date_gmt":"2015-11-30T11:57:38","guid":{"rendered":"http:\/\/plazajuarez.mx\/index\/index.php\/2015\/11\/30\/la-fil-de-guadalajara-premia-a-vila-matas\/"},"modified":"2015-11-30T11:57:38","modified_gmt":"2015-11-30T11:57:38","slug":"la-fil-de-guadalajara-premia-a-vila-matas","status":"publish","type":"post","link":"https:\/\/plazajuarez.mx\/historico\/la-fil-de-guadalajara-premia-a-vila-matas\/","title":{"rendered":"La FIL de Guadalajara premia a Vila-Matas"},"content":{"rendered":"<p>Recibi\u00f3 ayer el Premio FIL de Literatura en Lenguas Romances, el m\u00e1s prestigioso de la Feria Internacional del Libro de Guadalajara, de manos del presidente del Consejo Nacional para la Cultura y las Artes<\/p>\n<p>  <!--more-->  <\/p>\n<p>\u00a0<\/p>\n<p>Con un pesimista y cr\u00edtico discurso sobre el futuro de la literatura y del mundo, el autor espa\u00f1ol Enrique Vila-Matas recibi\u00f3 ayer el Premio FIL de Literatura en Lenguas Romances, el m\u00e1s prestigioso de la Feria Internacional del Libro de Guadalajara. De manos del presidente del Consejo Nacional para la Cultura y las Artes (Conaculta), Rafael Tovar y de Teresa, Vila-Matas recogi\u00f3 el galard\u00f3n que, dijo, reconoce la obra de autores \u00abcon un aporte significativo a la literatura de nuestros d\u00edas\u00bb.<\/p>\n<p>\u00a0<\/p>\n<p>\u00abQuiz\u00e1s me ajusto a esa premisa porque desde siempre he escrito en la necesidad de encontrar escrituras que nos interroguen desde la estricta contemporaneidad, en la necesidad de encontrar estructuras que no se limiten a reproducir modelos que ya estaban obsoletos hace cien a\u00f1os\u00bb, apunt\u00f3. Ante los asistentes a la ceremonia inaugural de la feria, el autor de obras como \u00abBartleby y compa\u00f1\u00eda\u00bb o \u00abEl mal de Montano\u00bb ley\u00f3 un discurso titulado \u00abFuturo\u00bb, en el que hizo una dura cr\u00edtica a la literatura actual.<\/p>\n<p>\u00a0<\/p>\n<p>Antes, al imaginar el futuro, \u00abcre\u00eda que todos devendr\u00edamos artistas y poetas, pero luego las cosas se torcieron\u00bb y empezaron a triunfar \u00absombras de Grey\u00bb y \u00abla corriente del aire\u00bb, indic\u00f3 el escritor (Barcelona, 1948). \u00abA la ca\u00edda de la capacidad de atenci\u00f3n ha contribuido una industria editorial que est\u00e1 erradicando de la literatura todo aquello que nos quiere hacer creer que es demasiado pesado o que va demasiado cargado de sentido, o que puede parecer intelectual. Y el panorama, desde el punto de vista literario, si es que ese punto de vista todav\u00eda existe, es desolador\u00bb, dijo.<\/p>\n<p>\u00a0<\/p>\n<p>El cr\u00edtico mexicano Christopher Dom\u00ednguez Michael, amigo y seguidor de Vila-Matas, fue el encargado de leer el perfil del barcelon\u00e9s, a quien describi\u00f3 como \u00abun escritor para escritores que deja de serlo al convertir a sus propios lectores en parte de su literatura. Es un escritor para quienes, sean pocos o sean muchos, tienen tiempo para leer, para leerlo no solo a \u00e9l, sino a la vasta literatura de la que su obra es una apolog\u00eda\u00bb, apunt\u00f3. La literatura de Vila-Matas es \u00abjuego, pero nunca fuego, pues no inventa reglas, sino estudia casi teatralmente todas las posibilidades narrativas del escritor moderno como personaje\u00bb, a\u00f1adi\u00f3.<\/p>\n<p>\u00a0<\/p>\n<p>En la ceremonia de entrega del premio estuvieron presentes figuras como el Premio Cervantes 2015, Fernando del Paso, quien recibir\u00e1 un homenaje, y fue fuertemente ovacionado por el p\u00fablico. Tambi\u00e9n asistieron autoridades culturales de M\u00e9xico y Reino Unido, pa\u00eds invitado en esta edici\u00f3n, y de la propia feria, cuyo presidente, Ra\u00fal Padilla, dijo que este a\u00f1o se contar\u00e1 con la presencia de m\u00e1s de 1.900 editoriales que exhibir\u00e1n m\u00e1s de 400.000 t\u00edtulos.<\/p>\n","protected":false},"excerpt":{"rendered":"<p>Recibi\u00f3 ayer el Premio FIL de Literatura en Lenguas Romances, el m\u00e1s prestigioso de la Feria Internacional del Libro de Guadalajara, de manos del presidente del Consejo Nacional para la Cultura y las Artes<\/p>\n","protected":false},"author":93,"featured_media":0,"comment_status":"open","ping_status":"open","sticky":false,"template":"","format":"standard","meta":{"footnotes":""},"categories":[41],"tags":[],"class_list":["post-14097","post","type-post","status-publish","format-standard","hentry","category-arteria-cultural"],"_links":{"self":[{"href":"https:\/\/plazajuarez.mx\/historico\/wp-json\/wp\/v2\/posts\/14097","targetHints":{"allow":["GET"]}}],"collection":[{"href":"https:\/\/plazajuarez.mx\/historico\/wp-json\/wp\/v2\/posts"}],"about":[{"href":"https:\/\/plazajuarez.mx\/historico\/wp-json\/wp\/v2\/types\/post"}],"author":[{"embeddable":true,"href":"https:\/\/plazajuarez.mx\/historico\/wp-json\/wp\/v2\/users\/93"}],"replies":[{"embeddable":true,"href":"https:\/\/plazajuarez.mx\/historico\/wp-json\/wp\/v2\/comments?post=14097"}],"version-history":[{"count":0,"href":"https:\/\/plazajuarez.mx\/historico\/wp-json\/wp\/v2\/posts\/14097\/revisions"}],"wp:attachment":[{"href":"https:\/\/plazajuarez.mx\/historico\/wp-json\/wp\/v2\/media?parent=14097"}],"wp:term":[{"taxonomy":"category","embeddable":true,"href":"https:\/\/plazajuarez.mx\/historico\/wp-json\/wp\/v2\/categories?post=14097"},{"taxonomy":"post_tag","embeddable":true,"href":"https:\/\/plazajuarez.mx\/historico\/wp-json\/wp\/v2\/tags?post=14097"}],"curies":[{"name":"wp","href":"https:\/\/api.w.org\/{rel}","templated":true}]}}