{"id":14092,"date":"2015-11-30T11:54:20","date_gmt":"2015-11-30T11:54:20","guid":{"rendered":"http:\/\/plazajuarez.mx\/index\/index.php\/2015\/11\/30\/o-connor-publica-aparente-nota-suicida\/"},"modified":"2015-11-30T11:54:20","modified_gmt":"2015-11-30T11:54:20","slug":"o-connor-publica-aparente-nota-suicida","status":"publish","type":"post","link":"https:\/\/plazajuarez.mx\/historico\/o-connor-publica-aparente-nota-suicida\/","title":{"rendered":"O\u00b4Connor publica aparente &#8220;nota suicida&#8221;"},"content":{"rendered":"<p>Se\u00f1al\u00f3 que ha sido v\u00edctima de una gran crueldad por parte de su familia, sobre todo desde el pasado agosto en que se someti\u00f3 a una histerectom\u00eda y dijo adem\u00e1s que se vio forzada a alejarse de todos<\/p>\n<p>  <!--more-->  <\/p>\n<p>\u00a0<\/p>\n<p>Un preocupante mensaje public\u00f3 en su Facebook la cantante irlandesa Sinead O&#8217;Connor, horas antes de ser internada por una posible sobredosis.<\/p>\n<p>Se\u00f1al\u00f3 que ha sido v\u00edctima de una gran crueldad por parte de su familia, sobre todo desde el pasado agosto en que se someti\u00f3 a una histerectom\u00eda y dijo adem\u00e1s que se vio forzada a alejarse de todos y hospedarse en un hotel bajo otro nombre.<\/p>\n<p>&#8220;He tomado una sobredosis. No hay otra manera de ganarme respeto. No estoy en casa, estoy en un hotel, en alg\u00fan lugar de Irlanda, con otro nombre. Si no estuviera publicando esto, mis hijos y mi familia no se enterar\u00edan\u2026 podr\u00eda haber estado muerta aqu\u00ed por semanas y no habr\u00edan sabido, porque aparentemente soy escoria y merezco ser abandonada y tratada como mierd* cuando me cortaron mi \u00fatero y mis ovarios y mi hijo est\u00e1 muy enfermo\u201d.<\/p>\n<p>M\u00e1s adelante en el mensaje, Sinead escribi\u00f3:<\/p>\n<p>&#8220;Soy invisible\u2026 Mi familia no me valora en absoluto. \u00bfCu\u00e1ndo planearon alejarme de mis beb\u00e9s planearon que perder\u00eda la cabeza? \u00bfHa sido el colmo? \u00bfC\u00f3mo explicar\u00e1n por qu\u00e9 mor\u00ed? Aseg\u00farense de decir la verdad\u2026 De cualquier forma a mis hijos no les importa si vivo o muero, ni a sus pap\u00e1s\u2026 Que esta sea su lecci\u00f3n\u201d.<\/p>\n<p>Si bien los mensajes eran desalentadores y muchos seguidores mostraron su preocupaci\u00f3n a trav\u00e9s de comentarios en su cuenta, un sitio de noticias de Irlanda inform\u00f3 que la polic\u00eda de St. Pearse confirm\u00f3 que O&#8217;Connor fue localizada &#8220;sana y salva&#8221; y que se encuentra recibiendo asistencia m\u00e9dica.<\/p>\n<p>Sinead tiene cuatro hijos, entre 9 y 28 a\u00f1os y actualmente est\u00e1 casada con Barry Herridge.<\/p>\n","protected":false},"excerpt":{"rendered":"<p>Se\u00f1al\u00f3 que ha sido v\u00edctima de una gran crueldad por parte de su familia, sobre todo desde el pasado agosto en que se someti\u00f3 a una histerectom\u00eda y dijo adem\u00e1s que se vio forzada a alejarse de todos<\/p>\n","protected":false},"author":93,"featured_media":0,"comment_status":"open","ping_status":"open","sticky":false,"template":"","format":"standard","meta":{"footnotes":""},"categories":[38],"tags":[],"class_list":["post-14092","post","type-post","status-publish","format-standard","hentry","category-show"],"_links":{"self":[{"href":"https:\/\/plazajuarez.mx\/historico\/wp-json\/wp\/v2\/posts\/14092","targetHints":{"allow":["GET"]}}],"collection":[{"href":"https:\/\/plazajuarez.mx\/historico\/wp-json\/wp\/v2\/posts"}],"about":[{"href":"https:\/\/plazajuarez.mx\/historico\/wp-json\/wp\/v2\/types\/post"}],"author":[{"embeddable":true,"href":"https:\/\/plazajuarez.mx\/historico\/wp-json\/wp\/v2\/users\/93"}],"replies":[{"embeddable":true,"href":"https:\/\/plazajuarez.mx\/historico\/wp-json\/wp\/v2\/comments?post=14092"}],"version-history":[{"count":0,"href":"https:\/\/plazajuarez.mx\/historico\/wp-json\/wp\/v2\/posts\/14092\/revisions"}],"wp:attachment":[{"href":"https:\/\/plazajuarez.mx\/historico\/wp-json\/wp\/v2\/media?parent=14092"}],"wp:term":[{"taxonomy":"category","embeddable":true,"href":"https:\/\/plazajuarez.mx\/historico\/wp-json\/wp\/v2\/categories?post=14092"},{"taxonomy":"post_tag","embeddable":true,"href":"https:\/\/plazajuarez.mx\/historico\/wp-json\/wp\/v2\/tags?post=14092"}],"curies":[{"name":"wp","href":"https:\/\/api.w.org\/{rel}","templated":true}]}}