{"id":14091,"date":"2015-11-30T11:53:59","date_gmt":"2015-11-30T11:53:59","guid":{"rendered":"http:\/\/plazajuarez.mx\/index\/index.php\/2015\/11\/30\/guardaespaldas-de-adele-causa-furor\/"},"modified":"2015-11-30T11:53:59","modified_gmt":"2015-11-30T11:53:59","slug":"guardaespaldas-de-adele-causa-furor","status":"publish","type":"post","link":"https:\/\/plazajuarez.mx\/historico\/guardaespaldas-de-adele-causa-furor\/","title":{"rendered":"Guardaespaldas de Adele causa furor"},"content":{"rendered":"<p>El nuevo guardaespaldas de Adele le ha robado un poco de atenci\u00f3n a la cantante, al desatar furor en redes sociales.<\/p>\n<p>  <!--more-->  <\/p>\n<p>\u00a0<\/p>\n<p>Luego de que se publicaran fotos recientes de la cantante brit\u00e1nica, decenas de personas se empezaron a preguntar qui\u00e9n era el guapo guardaespaldas que la acompa\u00f1aba, y entonces lleg\u00f3 la locura por Peter Van der Veen.<\/p>\n<p>Nacido en Holanda, gan\u00f3 el t\u00edtulo de Mr. Europe y tambi\u00e9n trabaj\u00f3 como guardaespaldas de Lady Gaga.<\/p>\n<p>Ya el pasado junio el guardaespaldas de Jennifer Lawrence tambi\u00e9n hab\u00eda dado de qu\u00e9 hablar.<\/p>\n","protected":false},"excerpt":{"rendered":"<p>El nuevo guardaespaldas de Adele le ha robado un poco de atenci\u00f3n a la cantante, al desatar furor en redes sociales.<\/p>\n","protected":false},"author":93,"featured_media":0,"comment_status":"open","ping_status":"open","sticky":false,"template":"","format":"standard","meta":{"footnotes":""},"categories":[38],"tags":[],"class_list":["post-14091","post","type-post","status-publish","format-standard","hentry","category-show"],"_links":{"self":[{"href":"https:\/\/plazajuarez.mx\/historico\/wp-json\/wp\/v2\/posts\/14091","targetHints":{"allow":["GET"]}}],"collection":[{"href":"https:\/\/plazajuarez.mx\/historico\/wp-json\/wp\/v2\/posts"}],"about":[{"href":"https:\/\/plazajuarez.mx\/historico\/wp-json\/wp\/v2\/types\/post"}],"author":[{"embeddable":true,"href":"https:\/\/plazajuarez.mx\/historico\/wp-json\/wp\/v2\/users\/93"}],"replies":[{"embeddable":true,"href":"https:\/\/plazajuarez.mx\/historico\/wp-json\/wp\/v2\/comments?post=14091"}],"version-history":[{"count":0,"href":"https:\/\/plazajuarez.mx\/historico\/wp-json\/wp\/v2\/posts\/14091\/revisions"}],"wp:attachment":[{"href":"https:\/\/plazajuarez.mx\/historico\/wp-json\/wp\/v2\/media?parent=14091"}],"wp:term":[{"taxonomy":"category","embeddable":true,"href":"https:\/\/plazajuarez.mx\/historico\/wp-json\/wp\/v2\/categories?post=14091"},{"taxonomy":"post_tag","embeddable":true,"href":"https:\/\/plazajuarez.mx\/historico\/wp-json\/wp\/v2\/tags?post=14091"}],"curies":[{"name":"wp","href":"https:\/\/api.w.org\/{rel}","templated":true}]}}