{"id":140908,"date":"2020-11-17T07:38:47","date_gmt":"2020-11-17T13:38:47","guid":{"rendered":"https:\/\/plazajuarez.mx\/?p=140908"},"modified":"2020-11-17T07:39:05","modified_gmt":"2020-11-17T13:39:05","slug":"se-esperan-temperaturas-entre-cero-y-10-grados","status":"publish","type":"post","link":"https:\/\/plazajuarez.mx\/historico\/se-esperan-temperaturas-entre-cero-y-10-grados\/","title":{"rendered":"Se esperan temperaturas entre cero y 10 grados"},"content":{"rendered":"\n<p>El encargado de la subsecretar\u00eda de Protecci\u00f3n Civil y Gesti\u00f3n de Riesgos del gobierno del estado, Enrique Padilla Hern\u00e1ndez, asegur\u00f3 que por lo menos hasta el mi\u00e9rcoles continuar\u00e1n las bajas temperaturas en la entidad.<\/p>\n\n\n\n<p>Se\u00f1al\u00f3 que desde ayer el estado clim\u00e1tico obedece a los efectos de la masa de aire polar que impulsa el frente fr\u00edo n\u00famero 13, con la aceleraci\u00f3n de los vientos, \u201cpr\u00e1cticamente tendremos vientos el martes y mi\u00e9rcoles\u201d.<\/p>\n\n\n\n<p>Adem\u00e1s indic\u00f3 habr\u00e1 un descenso t\u00e9rmico en ambos d\u00edas y dentro del desplazamiento del sistema frontal se prev\u00e9n lluvias de distintas intensidades, principalmente en la Sierra, Huasteca y regi\u00f3n Otom\u00ed-Tepehua a lo largo de la semana.<\/p>\n\n\n\n<p>En tanto, Padilla Hern\u00e1ndez sentenci\u00f3 que hasta el momento no se han registrado temperaturas m\u00ednimas extremas y no se prev\u00e9n en los pr\u00f3ximos d\u00edas, \u201cpero tener temperaturas de cero a 10 grados son normales dentro de la temporada y asociada a una masa de aire polar ser\u00eda com\u00fan registrar estos valores\u201d.<\/p>\n","protected":false},"excerpt":{"rendered":"<p>El encargado de la subsecretar\u00eda de Protecci\u00f3n Civil y Gesti\u00f3n de Riesgos del gobierno del estado, Enrique Padilla Hern\u00e1ndez, asegur\u00f3 que por lo menos hasta el mi\u00e9rcoles continuar\u00e1n las bajas temperaturas en la entidad. Se\u00f1al\u00f3 que desde ayer el estado clim\u00e1tico obedece a los efectos de la masa de aire polar que impulsa el frente [&hellip;]<\/p>\n","protected":false},"author":73,"featured_media":140909,"comment_status":"closed","ping_status":"open","sticky":false,"template":"","format":"standard","meta":{"footnotes":""},"categories":[59],"tags":[],"class_list":["post-140908","post","type-post","status-publish","format-standard","has-post-thumbnail","hentry","category-general"],"_links":{"self":[{"href":"https:\/\/plazajuarez.mx\/historico\/wp-json\/wp\/v2\/posts\/140908","targetHints":{"allow":["GET"]}}],"collection":[{"href":"https:\/\/plazajuarez.mx\/historico\/wp-json\/wp\/v2\/posts"}],"about":[{"href":"https:\/\/plazajuarez.mx\/historico\/wp-json\/wp\/v2\/types\/post"}],"author":[{"embeddable":true,"href":"https:\/\/plazajuarez.mx\/historico\/wp-json\/wp\/v2\/users\/73"}],"replies":[{"embeddable":true,"href":"https:\/\/plazajuarez.mx\/historico\/wp-json\/wp\/v2\/comments?post=140908"}],"version-history":[{"count":0,"href":"https:\/\/plazajuarez.mx\/historico\/wp-json\/wp\/v2\/posts\/140908\/revisions"}],"wp:featuredmedia":[{"embeddable":true,"href":"https:\/\/plazajuarez.mx\/historico\/wp-json\/wp\/v2\/media\/140909"}],"wp:attachment":[{"href":"https:\/\/plazajuarez.mx\/historico\/wp-json\/wp\/v2\/media?parent=140908"}],"wp:term":[{"taxonomy":"category","embeddable":true,"href":"https:\/\/plazajuarez.mx\/historico\/wp-json\/wp\/v2\/categories?post=140908"},{"taxonomy":"post_tag","embeddable":true,"href":"https:\/\/plazajuarez.mx\/historico\/wp-json\/wp\/v2\/tags?post=140908"}],"curies":[{"name":"wp","href":"https:\/\/api.w.org\/{rel}","templated":true}]}}