{"id":140905,"date":"2020-11-17T07:37:01","date_gmt":"2020-11-17T13:37:01","guid":{"rendered":"https:\/\/plazajuarez.mx\/?p=140905"},"modified":"2020-11-17T07:37:17","modified_gmt":"2020-11-17T13:37:17","slug":"imparten-conferencia-sobre-desaparicion-de-personas","status":"publish","type":"post","link":"https:\/\/plazajuarez.mx\/historico\/imparten-conferencia-sobre-desaparicion-de-personas\/","title":{"rendered":"Imparten conferencia sobre desaparici\u00f3n de personas"},"content":{"rendered":"\n<p>A invitaci\u00f3n de la Secretar\u00eda de Gobierno de Hidalgo, en conjunto con la Comisi\u00f3n de B\u00fasqueda de Personas del Estado (CBPEH), el miembro del Consejo Nacional Ciudadano del Sistema Nacional de B\u00fasqueda y expresidente del Grupo de Trabajo sobre Desapariciones Forzadas o Involuntarias de la Organizaci\u00f3n de las Naciones Unidas (ONU), Santiago Corcuera Cabezut, acudi\u00f3 a las instalaciones del C5i Hidalgo para impartir la Conferencia Magistral \u201cMarco Jur\u00eddico Internacional en materia de desaparici\u00f3n forzada y los principios rectores de b\u00fasqueda\u201d.&nbsp;<\/p>\n\n\n\n<p>En su mensaje de apertura, Abel Llanos V\u00e1zquez, titular de la Comisi\u00f3n de B\u00fasqueda de Personas del Estado de Hidalgo, refiri\u00f3 que Hidalgo es una de las entidades m\u00e1s seguras, donde el fen\u00f3meno de la desaparici\u00f3n y no localizaci\u00f3n de personas no sobrepasa la media nacional.<\/p>\n\n\n\n<p>Corcuera Cabezut expuso una rese\u00f1a socio-hist\u00f3rica sobre el fen\u00f3meno de la desaparici\u00f3n de personas y su evoluci\u00f3n hasta la actualidad; ilustr\u00f3 cu\u00e1les son las fases del proceso concerniente a la desaparici\u00f3n de una persona y c\u00f3mo se debe actuar en consecuencia.<\/p>\n\n\n\n<p>En tanto que, Sim\u00f3n Vargas Aguilar, secretario de Gobierno del Estado de Hidalgo, refiri\u00f3 que las instituciones gubernamentales deben continuar con la labor para recobrar la confianza de la poblaci\u00f3n, ya que es obligaci\u00f3n del Estado atender.<\/p>\n\n\n\n<p><\/p>\n","protected":false},"excerpt":{"rendered":"<p>A invitaci\u00f3n de la Secretar\u00eda de Gobierno de Hidalgo, en conjunto con la Comisi\u00f3n de B\u00fasqueda de Personas del Estado (CBPEH), el miembro del Consejo Nacional Ciudadano del Sistema Nacional de B\u00fasqueda y expresidente del Grupo de Trabajo sobre Desapariciones Forzadas o Involuntarias de la Organizaci\u00f3n de las Naciones Unidas (ONU), Santiago Corcuera Cabezut, acudi\u00f3 [&hellip;]<\/p>\n","protected":false},"author":93,"featured_media":140906,"comment_status":"closed","ping_status":"open","sticky":false,"template":"","format":"standard","meta":{"footnotes":""},"categories":[59],"tags":[],"class_list":["post-140905","post","type-post","status-publish","format-standard","has-post-thumbnail","hentry","category-general"],"_links":{"self":[{"href":"https:\/\/plazajuarez.mx\/historico\/wp-json\/wp\/v2\/posts\/140905","targetHints":{"allow":["GET"]}}],"collection":[{"href":"https:\/\/plazajuarez.mx\/historico\/wp-json\/wp\/v2\/posts"}],"about":[{"href":"https:\/\/plazajuarez.mx\/historico\/wp-json\/wp\/v2\/types\/post"}],"author":[{"embeddable":true,"href":"https:\/\/plazajuarez.mx\/historico\/wp-json\/wp\/v2\/users\/93"}],"replies":[{"embeddable":true,"href":"https:\/\/plazajuarez.mx\/historico\/wp-json\/wp\/v2\/comments?post=140905"}],"version-history":[{"count":0,"href":"https:\/\/plazajuarez.mx\/historico\/wp-json\/wp\/v2\/posts\/140905\/revisions"}],"wp:featuredmedia":[{"embeddable":true,"href":"https:\/\/plazajuarez.mx\/historico\/wp-json\/wp\/v2\/media\/140906"}],"wp:attachment":[{"href":"https:\/\/plazajuarez.mx\/historico\/wp-json\/wp\/v2\/media?parent=140905"}],"wp:term":[{"taxonomy":"category","embeddable":true,"href":"https:\/\/plazajuarez.mx\/historico\/wp-json\/wp\/v2\/categories?post=140905"},{"taxonomy":"post_tag","embeddable":true,"href":"https:\/\/plazajuarez.mx\/historico\/wp-json\/wp\/v2\/tags?post=140905"}],"curies":[{"name":"wp","href":"https:\/\/api.w.org\/{rel}","templated":true}]}}