{"id":140903,"date":"2020-11-17T07:35:08","date_gmt":"2020-11-17T13:35:08","guid":{"rendered":"https:\/\/plazajuarez.mx\/?p=140903"},"modified":"2020-11-17T07:35:27","modified_gmt":"2020-11-17T13:35:27","slug":"laguna-de-voces-681","status":"publish","type":"post","link":"https:\/\/plazajuarez.mx\/historico\/laguna-de-voces-681\/","title":{"rendered":"LAGUNA DE VOCES"},"content":{"rendered":"\n<h2 class=\"wp-block-heading\">Siempre nos ven la cara de conejos<\/h2>\n\n\n\n<p>Celebr\u00e9 la contrataci\u00f3n de un paquete de televisi\u00f3n e internet que nos daba gratis llamadas ilimitadas a cualquier parte del pa\u00eds, pero adem\u00e1s, y por si lo anterior fuera poco, al mundo entero con excepci\u00f3n de Cuba. De tal modo que Europa, Asia, \u00c1frica, Am\u00e9rica y Ocean\u00eda estaban a mi alcance sin tener que pagar ning\u00fan extra, porque hasta ahora aceptaron los de las telef\u00f3nicas, que a la velocidad de la luz, que es como se transmite la voz, no implica mandar a poner cables extras ni nada por el estilo, y mucho menos alg\u00fan esfuerzo de las se\u00f1oritas que antes preguntaban a d\u00f3nde quer\u00eda uno hablar, al tiempo que se escuchaba el ruido de las clavijas. Resulta que ya no existen.<\/p>\n\n\n\n<p>Luego entonces, la empresa de Carlos Slim nos estuvo viendo la cara de conejos durante a\u00f1os y a\u00f1os, adem\u00e1s que pr\u00e1cticamente todos entend\u00edamos y justific\u00e1bamos pagar aparte las dichosas \u201cLargas Distancias\u201d, en tanto argument\u00e1bamos: \u201cno pues s\u00ed, est\u00e1 muy lejos hablar hasta Sinaloa, y si es a otro pa\u00eds pues con m\u00e1s raz\u00f3n\u201d.&nbsp;<\/p>\n\n\n\n<p>En cierto sentido, est\u00e1bamos seguros que alguien ten\u00eda que correr y correr con la l\u00ednea telef\u00f3nica al hombro hasta llegar a la poblaci\u00f3n donde quer\u00edamos hablar, al borde del infarto pero con la misi\u00f3n cumplida. Sin chistar pag\u00e1bamos el recibo.<\/p>\n\n\n\n<p>Con la aparici\u00f3n de los celulares de nueva cuenta este personaje hizo de las suyas. Cobr\u00f3 por a\u00f1os y a\u00f1os al que hablaba, y al que recib\u00eda la llamada por razones misteriosas, que nadie ha querido explicar con claridad, aunque una palabra define lo que hizo: sinverg\u00fcenza.<\/p>\n\n\n\n<p>Pero bueno, lo pasado pasado.<\/p>\n\n\n\n<p>Llegaron las otras compa\u00f1\u00edas y nos insistieron que en un paquete fabuloso, hermoso, \u00fanico, tendr\u00edamos gratis Largas Distancias nacionales e internacionales, para que pudi\u00e9ramos hablar el tiempo que se nos pegara la gana con los conocidos que tenemos a montones en Espa\u00f1a, Reino Unido, Francia, Alemania, etc\u00e9tera, etc\u00e9tera.<\/p>\n\n\n\n<p>Gratis, sin ning\u00fan pago extra.<\/p>\n\n\n\n<p>Bendecimos a estos hombres de tan buen coraz\u00f3n, no como ese m\u00e9ndigo \u201charbano\u201d que nos vio la cara de conejos durante el tiempo que se le peg\u00f3 la gana.<\/p>\n\n\n\n<p>As\u00ed que un d\u00eda cualquiera nos propusimos aprovechar semejantes beneficios, y le hablamos a cuanto familiar tenemos en otro Estado del pa\u00eds que no sea donde vivimos. A muchos de plano ni los conoc\u00edamos bien, y la pl\u00e1tica se redujo a intentar saber qui\u00e9n jijos era \u00e9l, o la que nos contestaba. Adem\u00e1s la mayor parte prefiere los mensajes de whatsapp.<\/p>\n\n\n\n<p>De tal modo que pasada una semana ya no ten\u00edamos con quien dar uso a este espl\u00e9ndido plan tres en uno, con tiempo I-LI-MI-TA-DO de Largas Distancias nacionales e internacionales.<\/p>\n\n\n\n<p>La cosa se puso peor cuando nos lanzamos al mar de la internacionalizaci\u00f3n, porque de no ser por el hijo de una t\u00eda que vive en Londres, Inglaterra, y que la mera verdad ni cuando viv\u00eda en M\u00e9xico le hablaba, no ten\u00eda a qui\u00e9n m\u00e1s marcarle. De tal modo que el gusto no dur\u00f3 ni un d\u00eda.<\/p>\n\n\n\n<p>Despu\u00e9s busqu\u00e9 n\u00fameros telef\u00f3nicos de Par\u00eds en el internet, de \u00c1msterdam, de Berl\u00edn, y por el puro gusto de escuchar que me contestaban en otro idioma, que por supuesto no entend\u00eda ni entiendo, me dije que sab\u00eda aprovechar el PLUS que me hab\u00edan otorgado.<\/p>\n\n\n\n<p>Supe que me enga\u00f1aba solito, que todo lo que me hab\u00edan dado GRA-TIS no me serv\u00eda para nada, absolutamente nada. Que me hab\u00edan visto la cara una vez m\u00e1s, con servicios que ya nadie utiliza, porque los condenados celulares acabaron con el gusto por hablar, y mandarse mensajitos es el presente y el futuro.<\/p>\n\n\n\n<p>Slim no hab\u00eda sido el peor, tampoco el mejor. Simplemente ya nos acostumbramos a que nos vean la cara de conejos, y hasta parece que lo celebramos, porque hombre que eso de regalarnos TODAS las llamadas nacionales e internacionales, no cualquiera.&nbsp;<\/p>\n\n\n\n<p>Solo que un d\u00eda cualquiera, proceda igual que un primo, quien decidi\u00f3 marcar, -en esas \u00e9pocas que cobraban a precio de oro las ladas a otros pa\u00edses-, hablar al Vaticano para que lo comunicaran con el Papa. Y no, no lo comunicaron con el Vicario de Cristo, pero ya que le hab\u00eda pasado la borrachera, se resign\u00f3 a pagar un dineral por semejante ocurrencia.<\/p>\n\n\n\n<p>O tal vez le hable a Vladimir para platicar sobre lo que pasar\u00e1 ahora que su muchacho el Donaldo deja la presidencia de Estados Unidos.<\/p>\n\n\n\n<p>Mil gracias, hasta ma\u00f1ana.<\/p>\n\n\n\n<p><a href=\"mailto:jeperalta@plazajuarez.mx\/historico\/historico\">jeperalta@plazajuarez.mx\/historico\/historico<\/a><\/p>\n\n\n\n<p>@JavierEPeralta<\/p>\n","protected":false},"excerpt":{"rendered":"<p>Siempre nos ven la cara de conejos Celebr\u00e9 la contrataci\u00f3n de un paquete de televisi\u00f3n e internet que nos daba gratis llamadas ilimitadas a cualquier parte del pa\u00eds, pero adem\u00e1s, y por si lo anterior fuera poco, al mundo entero con excepci\u00f3n de Cuba. De tal modo que Europa, Asia, \u00c1frica, Am\u00e9rica y Ocean\u00eda estaban [&hellip;]<\/p>\n","protected":false},"author":10,"featured_media":0,"comment_status":"closed","ping_status":"open","sticky":false,"template":"","format":"standard","meta":{"footnotes":""},"categories":[49,42],"tags":[],"class_list":["post-140903","post","type-post","status-publish","format-standard","hentry","category-javier-peralta","category-nuestrapalabra"],"_links":{"self":[{"href":"https:\/\/plazajuarez.mx\/historico\/wp-json\/wp\/v2\/posts\/140903","targetHints":{"allow":["GET"]}}],"collection":[{"href":"https:\/\/plazajuarez.mx\/historico\/wp-json\/wp\/v2\/posts"}],"about":[{"href":"https:\/\/plazajuarez.mx\/historico\/wp-json\/wp\/v2\/types\/post"}],"author":[{"embeddable":true,"href":"https:\/\/plazajuarez.mx\/historico\/wp-json\/wp\/v2\/users\/10"}],"replies":[{"embeddable":true,"href":"https:\/\/plazajuarez.mx\/historico\/wp-json\/wp\/v2\/comments?post=140903"}],"version-history":[{"count":0,"href":"https:\/\/plazajuarez.mx\/historico\/wp-json\/wp\/v2\/posts\/140903\/revisions"}],"wp:attachment":[{"href":"https:\/\/plazajuarez.mx\/historico\/wp-json\/wp\/v2\/media?parent=140903"}],"wp:term":[{"taxonomy":"category","embeddable":true,"href":"https:\/\/plazajuarez.mx\/historico\/wp-json\/wp\/v2\/categories?post=140903"},{"taxonomy":"post_tag","embeddable":true,"href":"https:\/\/plazajuarez.mx\/historico\/wp-json\/wp\/v2\/tags?post=140903"}],"curies":[{"name":"wp","href":"https:\/\/api.w.org\/{rel}","templated":true}]}}