{"id":14088,"date":"2015-11-30T11:52:21","date_gmt":"2015-11-30T11:52:21","guid":{"rendered":"http:\/\/plazajuarez.mx\/index\/index.php\/2015\/11\/30\/la-marcha-de-los-zapatos-vacios-en-paris\/"},"modified":"2015-11-30T11:52:21","modified_gmt":"2015-11-30T11:52:21","slug":"la-marcha-de-los-zapatos-vacios-en-paris","status":"publish","type":"post","link":"https:\/\/plazajuarez.mx\/historico\/la-marcha-de-los-zapatos-vacios-en-paris\/","title":{"rendered":"LA MARCHA DE LOS ZAPATOS VAC\u00cdOS EN PAR\u00cdS"},"content":{"rendered":"<p><strong>Par\u00eds.<\/strong><strong>\u00a0<\/strong>Activistas medioambientales, entre otros, depositaron el domingo zapatos en las calles de Par\u00eds para pedir a los m\u00e1s de 140 l\u00edderes mundiales que participar\u00e1n el lunes en el inicio de la Cumbre del Clima de Par\u00eds que alcancen un pacto que ralentice el calentamiento global.<\/p>\n<p>  <!--more-->  <\/p>\n<p>\u00a0<\/p>\n<p>Una gran marcha organizada por activistas para el domingo fue prohibida por el estado de emergencia impuesto en Francia tras los ataques del 13 de noviembre, que dejaron 130 muertos en Par\u00eds. La cumbre, a cuya inauguraci\u00f3n asistir\u00e1n los presidentes de Estados Unidos, Rusia y China, est\u00e1 rodeada de fuertes medidas de seguridad.<\/p>\n<p>En su lugar, grupos ecologistas celebran manifestaciones en otros puntos fuera del pa\u00eds y algunos activistas colocaron zapatos en la Plaza de la Rep\u00fablica para representar las limitaciones al derecho de manifestaci\u00f3n.<\/p>\n<p>Un centro de conferencias casi vac\u00edo parec\u00eda tener m\u00e1s personal de seguridad que negociadores, mientras las delegaciones de los pa\u00edses y la prensa comenzaban a llegar a la sede donde se esperan dos semanas de intensas negociaciones.<\/p>\n<p>Las pl\u00e1ticas formales entre autoridades de menor nivel comenzar\u00edan el domingo en la noche. El lunes, se espera la llegada de m\u00e1s de 140 l\u00edderes para hablar de sus compromisos para combatir el cambio clim\u00e1tico y reducir las emisiones de di\u00f3xido de carbono.<\/p>\n<p>Negociadores de 196 pa\u00edses buscan un acuerdo que reduzca las emisiones a las que se atribuye el calentamiento global para limitar el aumento del nivel del mar y los climas cada vez m\u00e1s extremos que ya amenazan a poblaciones en todo el mundo.<\/p>\n<p>La seguridad armada se nota en todas partes en el centro Le Bourget donde se llevar\u00e1n a cabo las negociaciones.<\/p>\n","protected":false},"excerpt":{"rendered":"<p>Par\u00eds.\u00a0Activistas medioambientales, entre otros, depositaron el domingo zapatos en las calles de Par\u00eds para pedir a los m\u00e1s de 140 l\u00edderes mundiales que participar\u00e1n el lunes en el inicio de la Cumbre del Clima de Par\u00eds que alcancen un pacto que ralentice el calentamiento global.<\/p>\n","protected":false},"author":93,"featured_media":0,"comment_status":"open","ping_status":"open","sticky":false,"template":"","format":"standard","meta":{"footnotes":""},"categories":[31],"tags":[],"class_list":["post-14088","post","type-post","status-publish","format-standard","hentry","category-orbe"],"_links":{"self":[{"href":"https:\/\/plazajuarez.mx\/historico\/wp-json\/wp\/v2\/posts\/14088","targetHints":{"allow":["GET"]}}],"collection":[{"href":"https:\/\/plazajuarez.mx\/historico\/wp-json\/wp\/v2\/posts"}],"about":[{"href":"https:\/\/plazajuarez.mx\/historico\/wp-json\/wp\/v2\/types\/post"}],"author":[{"embeddable":true,"href":"https:\/\/plazajuarez.mx\/historico\/wp-json\/wp\/v2\/users\/93"}],"replies":[{"embeddable":true,"href":"https:\/\/plazajuarez.mx\/historico\/wp-json\/wp\/v2\/comments?post=14088"}],"version-history":[{"count":0,"href":"https:\/\/plazajuarez.mx\/historico\/wp-json\/wp\/v2\/posts\/14088\/revisions"}],"wp:attachment":[{"href":"https:\/\/plazajuarez.mx\/historico\/wp-json\/wp\/v2\/media?parent=14088"}],"wp:term":[{"taxonomy":"category","embeddable":true,"href":"https:\/\/plazajuarez.mx\/historico\/wp-json\/wp\/v2\/categories?post=14088"},{"taxonomy":"post_tag","embeddable":true,"href":"https:\/\/plazajuarez.mx\/historico\/wp-json\/wp\/v2\/tags?post=14088"}],"curies":[{"name":"wp","href":"https:\/\/api.w.org\/{rel}","templated":true}]}}