{"id":14087,"date":"2015-11-30T11:52:00","date_gmt":"2015-11-30T11:52:00","guid":{"rendered":"http:\/\/plazajuarez.mx\/index\/index.php\/2015\/11\/30\/rivales-republicanos-descalifican-a-trump-como-candidato-presidencial\/"},"modified":"2015-11-30T11:52:00","modified_gmt":"2015-11-30T11:52:00","slug":"rivales-republicanos-descalifican-a-trump-como-candidato-presidencial","status":"publish","type":"post","link":"https:\/\/plazajuarez.mx\/historico\/rivales-republicanos-descalifican-a-trump-como-candidato-presidencial\/","title":{"rendered":"RIVALES REPUBLICANOS DESCALIFICAN A TRUMP COMO CANDIDATO PRESIDENCIAL"},"content":{"rendered":"<p>PESE A QUE DOMINA MEDIOS DE COMUNICACI\u00d3N<\/p>\n<p>Opinaron que el magnate de\u00a0bienes\u00a0ra\u00edces, quien encabeza las preferencias entre su partido, no est\u00e1 preparado para representarlos<\/p>\n<p>  <!--more-->  <\/p>\n<p>\u00a0<\/p>\n<p>Nueva\u00a0York.- Tres aspirantes republicanos a la nominaci\u00f3n presidencial de su partido descalificaron a su rival Donald Trump como el candidato para representarlos en la contienda electoral de 2016 en Estados Unidos.<\/p>\n<p>En entrevistas transmitidas este domingo, los aspirantes republicanos opinaron que el magnate de\u00a0bienes\u00a0ra\u00edces, quien encabeza las preferencias entre su partido, no est\u00e1 preparado para representarlos pese a que domina los medios de comunicaci\u00f3n.<\/p>\n<p>El ex gobernador de Florida, Jeb Bush, manifest\u00f3 \u201cgrandes dudas acerca de la\u00a0capacidad\u00a0de Donald Trump para ser el comandante en jefe\u201d de Estados Unidos debido a que estaba \u201cdesinformado\u201d sobre asuntos clave de la pol\u00edtica exterior.<\/p>\n<p>Bush afirm\u00f3 que Trump ha ofrecido soluciones contradictorias en numerosas ocasiones sobre la manera en que lidiar\u00eda con la crisis en Siria y con la amenaza del grupo extremista Estado Isl\u00e1mico (EI).<\/p>\n<p>Aunque insisti\u00f3 que Trump no era \u201cun candidato serio\u201d, reconoci\u00f3 que el\u00a0empresario\u00a0ha sido \u201castuto\u201d en controlar a los medios de informaci\u00f3n con declaraciones \u201cindignantes\u201d que atraen la atenci\u00f3n p\u00fablica.<\/p>\n<p>En una entrevista en el canal CBS, el ex gobernador asegur\u00f3 asimismo que Trump es un aspirante republicano \u201cdesinformado, en el mejor de los casos, y que aprovecha los miedos de las personas, en el peor\u201d.<\/p>\n<p>Mientras tanto, el gobernador de Ohio, John Kasich, consider\u00f3 que Trump ha sido una figura \u201cmuy divisiva\u201d y \u201cofensiva\u201d en contra de numerosos grupos de personas, por lo que no podr\u00eda lograr la nominaci\u00f3n republicana.<\/p>\n","protected":false},"excerpt":{"rendered":"<p>PESE A QUE DOMINA MEDIOS DE COMUNICACI\u00d3N Opinaron que el magnate de\u00a0bienes\u00a0ra\u00edces, quien encabeza las preferencias entre su partido, no est\u00e1 preparado para representarlos<\/p>\n","protected":false},"author":93,"featured_media":0,"comment_status":"open","ping_status":"open","sticky":false,"template":"","format":"standard","meta":{"footnotes":""},"categories":[31],"tags":[],"class_list":["post-14087","post","type-post","status-publish","format-standard","hentry","category-orbe"],"_links":{"self":[{"href":"https:\/\/plazajuarez.mx\/historico\/wp-json\/wp\/v2\/posts\/14087","targetHints":{"allow":["GET"]}}],"collection":[{"href":"https:\/\/plazajuarez.mx\/historico\/wp-json\/wp\/v2\/posts"}],"about":[{"href":"https:\/\/plazajuarez.mx\/historico\/wp-json\/wp\/v2\/types\/post"}],"author":[{"embeddable":true,"href":"https:\/\/plazajuarez.mx\/historico\/wp-json\/wp\/v2\/users\/93"}],"replies":[{"embeddable":true,"href":"https:\/\/plazajuarez.mx\/historico\/wp-json\/wp\/v2\/comments?post=14087"}],"version-history":[{"count":0,"href":"https:\/\/plazajuarez.mx\/historico\/wp-json\/wp\/v2\/posts\/14087\/revisions"}],"wp:attachment":[{"href":"https:\/\/plazajuarez.mx\/historico\/wp-json\/wp\/v2\/media?parent=14087"}],"wp:term":[{"taxonomy":"category","embeddable":true,"href":"https:\/\/plazajuarez.mx\/historico\/wp-json\/wp\/v2\/categories?post=14087"},{"taxonomy":"post_tag","embeddable":true,"href":"https:\/\/plazajuarez.mx\/historico\/wp-json\/wp\/v2\/tags?post=14087"}],"curies":[{"name":"wp","href":"https:\/\/api.w.org\/{rel}","templated":true}]}}