{"id":14086,"date":"2015-11-30T11:51:41","date_gmt":"2015-11-30T11:51:41","guid":{"rendered":"http:\/\/plazajuarez.mx\/index\/index.php\/2015\/11\/30\/ue-promete-ayuda-a-turquia-para-contener-migracion\/"},"modified":"2015-11-30T11:51:41","modified_gmt":"2015-11-30T11:51:41","slug":"ue-promete-ayuda-a-turquia-para-contener-migracion","status":"publish","type":"post","link":"https:\/\/plazajuarez.mx\/historico\/ue-promete-ayuda-a-turquia-para-contener-migracion\/","title":{"rendered":"UE PROMETE AYUDA A TURQU\u00cdA PARA CONTENER MIGRACI\u00d3N"},"content":{"rendered":"<p>SE COMPROMETI\u00d3 A CONCEDER 3 MIL MILLONES DE EUROS\u00a0<\/p>\n<p>  <!--more-->  <\/p>\n<p>Bruselas, B\u00e9lgica.- La Uni\u00f3n Europea (UE) se comprometi\u00f3 a conceder 3 mil millones de euros a Turqu\u00eda para los m\u00e1s de 2.2 millones de refugiados sirios que acoge, as\u00ed como a acelerar el proceso de adhesi\u00f3n del pa\u00eds y la liberalizaci\u00f3n de visados, a cambio de que Ankara contenga la inmigraci\u00f3n irregular hacia Europa.<br \/>\u00a0 <br \/>La UE se compromete a conceder 3 mil millones de euros iniciales, se\u00f1ala la declaraci\u00f3n que ambas partes sellaron en su cumbre y en la que tambi\u00e9n se apunta a la apertura a mediados de diciembre del cap\u00edtulo econ\u00f3mico del proceso de adhesi\u00f3n y a la posible liberalizaci\u00f3n de visados para ciudadanos turcos en octubre de 2016.<br \/>\u00a0 <br \/>La UE y Turqu\u00eda acuerdan asimismo aplicar un plan de acci\u00f3n que ayudar\u00e1 a organizar los flujos migratorios y a contener la inmigraci\u00f3n irregular, por el cual Ankara se compromete a reforzar el control de sus fronteras, a aceptar la devoluci\u00f3n plena de inmigrantes irregulares llegados a Europa desde su territorio para junio de 2016 y a combatir las redes criminales. <\/p>\n","protected":false},"excerpt":{"rendered":"<p>SE COMPROMETI\u00d3 A CONCEDER 3 MIL MILLONES DE EUROS\u00a0<\/p>\n","protected":false},"author":93,"featured_media":0,"comment_status":"open","ping_status":"open","sticky":false,"template":"","format":"standard","meta":{"footnotes":""},"categories":[31],"tags":[],"class_list":["post-14086","post","type-post","status-publish","format-standard","hentry","category-orbe"],"_links":{"self":[{"href":"https:\/\/plazajuarez.mx\/historico\/wp-json\/wp\/v2\/posts\/14086","targetHints":{"allow":["GET"]}}],"collection":[{"href":"https:\/\/plazajuarez.mx\/historico\/wp-json\/wp\/v2\/posts"}],"about":[{"href":"https:\/\/plazajuarez.mx\/historico\/wp-json\/wp\/v2\/types\/post"}],"author":[{"embeddable":true,"href":"https:\/\/plazajuarez.mx\/historico\/wp-json\/wp\/v2\/users\/93"}],"replies":[{"embeddable":true,"href":"https:\/\/plazajuarez.mx\/historico\/wp-json\/wp\/v2\/comments?post=14086"}],"version-history":[{"count":0,"href":"https:\/\/plazajuarez.mx\/historico\/wp-json\/wp\/v2\/posts\/14086\/revisions"}],"wp:attachment":[{"href":"https:\/\/plazajuarez.mx\/historico\/wp-json\/wp\/v2\/media?parent=14086"}],"wp:term":[{"taxonomy":"category","embeddable":true,"href":"https:\/\/plazajuarez.mx\/historico\/wp-json\/wp\/v2\/categories?post=14086"},{"taxonomy":"post_tag","embeddable":true,"href":"https:\/\/plazajuarez.mx\/historico\/wp-json\/wp\/v2\/tags?post=14086"}],"curies":[{"name":"wp","href":"https:\/\/api.w.org\/{rel}","templated":true}]}}