{"id":14085,"date":"2015-11-30T11:49:03","date_gmt":"2015-11-30T11:49:03","guid":{"rendered":"http:\/\/plazajuarez.mx\/index\/index.php\/2015\/11\/30\/presenta-el-inai-propuestas-para-ley-de-proteccion-de-datos\/"},"modified":"2015-11-30T11:49:03","modified_gmt":"2015-11-30T11:49:03","slug":"presenta-el-inai-propuestas-para-ley-de-proteccion-de-datos","status":"publish","type":"post","link":"https:\/\/plazajuarez.mx\/historico\/presenta-el-inai-propuestas-para-ley-de-proteccion-de-datos\/","title":{"rendered":"PRESENTA EL INAI PROPUESTAS PARA LEY DE PROTECCI\u00d3N DE DATOS"},"content":{"rendered":"<p>M\u00c9XICO, D.F.- El Instituto Nacional de Transparencia, Acceso a la Informaci\u00f3n y Protecci\u00f3n de Datos (INAI) envi\u00f3 al Senado un dec\u00e1logo de sugerencias que deben contener una futura Ley General de Protecci\u00f3n de Datos Personales.<\/p>\n<p>  <!--more-->  <\/p>\n<p>En sus consideraciones los comisionados del \u00f3rgano nacional de la transparencia aseguran que es necesario precisar que el r\u00e9gimen aplicable a los sindicatos, personas f\u00edsicas o morales de car\u00e1cter privado, cuando reciban y ejerzan recursos p\u00fablicos o realicen actos de autoridad, es la Ley Federal de Protecci\u00f3n de Datos Personales en Posesi\u00f3n de los Particulares, toda vez que no son autoridades, sujetos obligados que rija esta futura ley. <br \/>&#8220;Es importante definir las figuras de encargado y responsable de acuerdo con los est\u00e1ndares nacionales (Ley Federal de Protecci\u00f3n de Datos Personales en Posesi\u00f3n de Particulares) e internacionales (Directiva Europea en materia de protecci\u00f3n de datos personales, los est\u00e1ndares de Madrid o el Marco de Privacidad del Foro de Cooperaci\u00f3n Econ\u00f3mica de Asia Pac\u00edfico). Para los comisionados es conveniente precisar los principios de consentimiento, finalidad y licitud con el objetivo de evitar confusiones, respecto de su alcance. <br \/>&#8220;Es de suma importancia especificar los tipos de vulneraciones de seguridad en materia de protecci\u00f3n de datos personales que se tienen identificados, as\u00ed como la obligaci\u00f3n del responsable de notificar a la autoridad garante y a los titulares, las vulneraciones de seguridad ocurridas en cualquier fase del tratamiento. Especificaci\u00f3n de probables vulneraciones de seguridad\u201d. <\/p>\n","protected":false},"excerpt":{"rendered":"<p>M\u00c9XICO, D.F.- El Instituto Nacional de Transparencia, Acceso a la Informaci\u00f3n y Protecci\u00f3n de Datos (INAI) envi\u00f3 al Senado un dec\u00e1logo de sugerencias que deben contener una futura Ley General de Protecci\u00f3n de Datos Personales.<\/p>\n","protected":false},"author":93,"featured_media":0,"comment_status":"open","ping_status":"open","sticky":false,"template":"","format":"standard","meta":{"footnotes":""},"categories":[36],"tags":[],"class_list":["post-14085","post","type-post","status-publish","format-standard","hentry","category-nacion"],"_links":{"self":[{"href":"https:\/\/plazajuarez.mx\/historico\/wp-json\/wp\/v2\/posts\/14085","targetHints":{"allow":["GET"]}}],"collection":[{"href":"https:\/\/plazajuarez.mx\/historico\/wp-json\/wp\/v2\/posts"}],"about":[{"href":"https:\/\/plazajuarez.mx\/historico\/wp-json\/wp\/v2\/types\/post"}],"author":[{"embeddable":true,"href":"https:\/\/plazajuarez.mx\/historico\/wp-json\/wp\/v2\/users\/93"}],"replies":[{"embeddable":true,"href":"https:\/\/plazajuarez.mx\/historico\/wp-json\/wp\/v2\/comments?post=14085"}],"version-history":[{"count":0,"href":"https:\/\/plazajuarez.mx\/historico\/wp-json\/wp\/v2\/posts\/14085\/revisions"}],"wp:attachment":[{"href":"https:\/\/plazajuarez.mx\/historico\/wp-json\/wp\/v2\/media?parent=14085"}],"wp:term":[{"taxonomy":"category","embeddable":true,"href":"https:\/\/plazajuarez.mx\/historico\/wp-json\/wp\/v2\/categories?post=14085"},{"taxonomy":"post_tag","embeddable":true,"href":"https:\/\/plazajuarez.mx\/historico\/wp-json\/wp\/v2\/tags?post=14085"}],"curies":[{"name":"wp","href":"https:\/\/api.w.org\/{rel}","templated":true}]}}