{"id":14084,"date":"2015-11-30T11:48:47","date_gmt":"2015-11-30T11:48:47","guid":{"rendered":"http:\/\/plazajuarez.mx\/index\/index.php\/2015\/11\/30\/salarios-de-la-alta-burocracia-indignantes-y-lesivos\/"},"modified":"2015-11-30T11:48:47","modified_gmt":"2015-11-30T11:48:47","slug":"salarios-de-la-alta-burocracia-indignantes-y-lesivos","status":"publish","type":"post","link":"https:\/\/plazajuarez.mx\/historico\/salarios-de-la-alta-burocracia-indignantes-y-lesivos\/","title":{"rendered":"Salarios de la alta burocracia, &#8220;indignantes y lesivos&#8221;"},"content":{"rendered":"<p>SE\u00d1ALA LA ARQUIDI\u00d3CESIS\u00a0\u00a0 <\/p>\n<p>Mencion\u00f3 que el ministro presidente de la Corte tiene un sueldo base de m\u00e1s de 650 mil pesos sin contar con prestaciones, las cuales apunt\u00f3 elevan sus ingresos anuales en m\u00e1s de 6 millones y medio de pesos<\/p>\n<p>  <!--more-->  <\/p>\n<p>M\u00c9XICO, D.F.- La Arquidi\u00f3cesis de M\u00e9xico cr\u00edtico las percepciones de la alta burocracia, al calificar sus salarios como &#8220;alt\u00edsimos y abusivos&#8221;, consider\u00f3 que el &#8220;injusto reparto&#8221; de la riqueza acent\u00faa las desigualdades. <br \/>En el editorial del semanario cat\u00f3lico Desde la Fe, que lleva por t\u00edtulo &#8220;Y siguen sin entender&#8221;, la publicaci\u00f3n indic\u00f3 que pese a que la C\u00e1mara de Diputados aprob\u00f3 en semanas recientes un Presupuesto de Egresos austero, los salarios de la alta burocracia resultan &#8220;indignantes y lesivos&#8221; frente a los ingresos del mexicano promedio que invierte m\u00e1s horas en el trabajo con recursos cada vez m\u00e1s encarecidos y menos valiosos ante el alza de precios. <br \/>&#8220;Las percepciones a la alta burocracia son dignas de cortesanos, que parecen compensar a castas y no retribuir empleados de una democracia&#8221;, expres\u00f3 el \u00f3rgano de difusi\u00f3n de la Arquidi\u00f3cesis de M\u00e9xico. <br \/>El semanario apunt\u00f3 que en M\u00e9xico hay una profunda indignaci\u00f3n por los m\u00e1s pobres, quienes no tienen ni lo m\u00e1s m\u00ednimo para vivir. <br \/>&#8220;En este pa\u00eds se acent\u00faan las desigualdades y es injusto el reparto de la riqueza que beneficia s\u00f3lo a una clase sobre los millones de personas que jam\u00e1s ver\u00e1n en sus vidas un salario como el de los bur\u00f3cratas y funcionarios mexicanos&#8221;, se\u00f1al\u00f3. <\/p>\n<p>&#8220;LA DESFACHATEZ Y DESVERG\u00dcENZA DE LA TABLA DE LA CORTE TODAV\u00cdA CARGA A LOS MEXICANOS PRESTACIONES DE RISA COMO AQU\u00c9LLA POR CONCEPTO O EST\u00cdMULO DEL D\u00cdA DE LA MADRE, ASCENDIENDO A LA DISCRETA CANTIDAD DE MIL PESOS&#8221; ARQUIDI\u00d3CESIS <\/p>\n<p><\/p>\n","protected":false},"excerpt":{"rendered":"<p>SE\u00d1ALA LA ARQUIDI\u00d3CESIS\u00a0\u00a0 Mencion\u00f3 que el ministro presidente de la Corte tiene un sueldo base de m\u00e1s de 650 mil pesos sin contar con prestaciones, las cuales apunt\u00f3 elevan sus ingresos anuales en m\u00e1s de 6 millones y medio de pesos<\/p>\n","protected":false},"author":93,"featured_media":0,"comment_status":"open","ping_status":"open","sticky":false,"template":"","format":"standard","meta":{"footnotes":""},"categories":[36],"tags":[],"class_list":["post-14084","post","type-post","status-publish","format-standard","hentry","category-nacion"],"_links":{"self":[{"href":"https:\/\/plazajuarez.mx\/historico\/wp-json\/wp\/v2\/posts\/14084","targetHints":{"allow":["GET"]}}],"collection":[{"href":"https:\/\/plazajuarez.mx\/historico\/wp-json\/wp\/v2\/posts"}],"about":[{"href":"https:\/\/plazajuarez.mx\/historico\/wp-json\/wp\/v2\/types\/post"}],"author":[{"embeddable":true,"href":"https:\/\/plazajuarez.mx\/historico\/wp-json\/wp\/v2\/users\/93"}],"replies":[{"embeddable":true,"href":"https:\/\/plazajuarez.mx\/historico\/wp-json\/wp\/v2\/comments?post=14084"}],"version-history":[{"count":0,"href":"https:\/\/plazajuarez.mx\/historico\/wp-json\/wp\/v2\/posts\/14084\/revisions"}],"wp:attachment":[{"href":"https:\/\/plazajuarez.mx\/historico\/wp-json\/wp\/v2\/media?parent=14084"}],"wp:term":[{"taxonomy":"category","embeddable":true,"href":"https:\/\/plazajuarez.mx\/historico\/wp-json\/wp\/v2\/categories?post=14084"},{"taxonomy":"post_tag","embeddable":true,"href":"https:\/\/plazajuarez.mx\/historico\/wp-json\/wp\/v2\/tags?post=14084"}],"curies":[{"name":"wp","href":"https:\/\/api.w.org\/{rel}","templated":true}]}}