{"id":14082,"date":"2015-11-30T11:48:04","date_gmt":"2015-11-30T11:48:04","guid":{"rendered":"http:\/\/plazajuarez.mx\/index\/index.php\/2015\/11\/30\/ricardo-anaya-propone-ley-para-debates-entre-lideres-partidistas\/"},"modified":"2015-11-30T11:48:04","modified_gmt":"2015-11-30T11:48:04","slug":"ricardo-anaya-propone-ley-para-debates-entre-lideres-partidistas","status":"publish","type":"post","link":"https:\/\/plazajuarez.mx\/historico\/ricardo-anaya-propone-ley-para-debates-entre-lideres-partidistas\/","title":{"rendered":"Ricardo Anaya propone ley para debates entre l\u00edderes partidistas"},"content":{"rendered":"<p>PROPONDR\u00c1 DEBATE MENSUAL OBLIGATORIO <br \/>Tras el intercambio verbal que sostuvo con el l\u00edder nacional de Morena, Andr\u00e9s Manuel L\u00f3pez Obrador, la semana pasada<\/p>\n<p>  <!--more-->  <\/p>\n<p>\u00a0\u00a0 \u00a0\u00a0\u00a0 \u00a0<br \/>M\u00c9XICO, D.F.- Tras el intercambio verbal que sostuvo con el l\u00edder nacional de Morena, Andr\u00e9s Manuel L\u00f3pez Obrador, la semana pasada, el l\u00edder del Partido Acci\u00f3n Nacional (PAN), Ricardo Anaya, propuso establecer en la ley llevar acabo debates entre los dirigentes partidistas. <br \/>Esto despu\u00e9s de que L\u00f3pez Obrador rechazara debatir con Anaya Cort\u00e9s, luego de que \u00e9ste se lo solicitar\u00e1, como respuesta por haber se\u00f1alado que la ex primera dama Margarita Zavala, era una extensi\u00f3n de su marido, el ex presidente Felipe Calder\u00f3n. <br \/>En un comunicado, el l\u00edder nacional albiazul, dio a conocer que mediante una iniciativa, propondr\u00e1 establecer en la ley un debate mensual obligatorio entre los presidentes de los partidos pol\u00edticos, -en tiempo ordinario-, y por lo menos dos debates obligatorios al mes entre los candidatos a puestos de elecci\u00f3n popular, durante los procesos electorales. <br \/>La iniciativa de reforma que ser\u00e1 presentada esta misma semana, busca que el ejercicio de debatir sea permanente, tanto en los tiempos ordinarios como durante las campa\u00f1as; toda vez que la democracia, dijo el panista, requiere deliberaci\u00f3n, confrontaci\u00f3n pac\u00edfica de ideas, rumbos y programas. <\/p>\n","protected":false},"excerpt":{"rendered":"<p>PROPONDR\u00c1 DEBATE MENSUAL OBLIGATORIO Tras el intercambio verbal que sostuvo con el l\u00edder nacional de Morena, Andr\u00e9s Manuel L\u00f3pez Obrador, la semana pasada<\/p>\n","protected":false},"author":93,"featured_media":0,"comment_status":"open","ping_status":"open","sticky":false,"template":"","format":"standard","meta":{"footnotes":""},"categories":[36],"tags":[],"class_list":["post-14082","post","type-post","status-publish","format-standard","hentry","category-nacion"],"_links":{"self":[{"href":"https:\/\/plazajuarez.mx\/historico\/wp-json\/wp\/v2\/posts\/14082","targetHints":{"allow":["GET"]}}],"collection":[{"href":"https:\/\/plazajuarez.mx\/historico\/wp-json\/wp\/v2\/posts"}],"about":[{"href":"https:\/\/plazajuarez.mx\/historico\/wp-json\/wp\/v2\/types\/post"}],"author":[{"embeddable":true,"href":"https:\/\/plazajuarez.mx\/historico\/wp-json\/wp\/v2\/users\/93"}],"replies":[{"embeddable":true,"href":"https:\/\/plazajuarez.mx\/historico\/wp-json\/wp\/v2\/comments?post=14082"}],"version-history":[{"count":0,"href":"https:\/\/plazajuarez.mx\/historico\/wp-json\/wp\/v2\/posts\/14082\/revisions"}],"wp:attachment":[{"href":"https:\/\/plazajuarez.mx\/historico\/wp-json\/wp\/v2\/media?parent=14082"}],"wp:term":[{"taxonomy":"category","embeddable":true,"href":"https:\/\/plazajuarez.mx\/historico\/wp-json\/wp\/v2\/categories?post=14082"},{"taxonomy":"post_tag","embeddable":true,"href":"https:\/\/plazajuarez.mx\/historico\/wp-json\/wp\/v2\/tags?post=14082"}],"curies":[{"name":"wp","href":"https:\/\/api.w.org\/{rel}","templated":true}]}}